{"id":1074,"date":"2022-07-06T23:00:00","date_gmt":"2022-07-06T21:00:00","guid":{"rendered":"https:\/\/ngerard.fr\/blog\/?p=1074"},"modified":"2022-07-06T23:02:53","modified_gmt":"2022-07-06T21:02:53","slug":"hrp2021-jour-27-estany-de-lanoset-bolquere","status":"publish","type":"post","link":"https:\/\/ngerard.fr\/blog\/2022\/07\/06\/hrp2021-jour-27-estany-de-lanoset-bolquere\/","title":{"rendered":"[HRP2021] Jour 27 : Estany de Lanoset &#8211; Bolqu\u00e8re"},"content":{"rendered":"\n<p>Date : vendredi 27 ao\u00fbt<\/p>\n\n\n\n<p>Je me r\u00e9veille apr\u00e8s le soleil, il fait frais ce matin et le vent souffle. Je prends le petit-d\u00e9j sous le tarp, emmitoufl\u00e9 dans mon duvet.<\/p>\n\n\n\n<p>Je replie tout ensuite, et laisse s\u00e9cher le tarp et le tapis de sol sur des rochers.<\/p>\n\n\n\n<p>Je d\u00e9couvre \u00e9galement l&rsquo;endroit o\u00f9 je me suis install\u00e9 la veille, \u00e9tant donn\u00e9 qu&rsquo;il faisait nuit lors de l&rsquo;installation du campement.<\/p>\n\n\n\n<figure class=\"wp-block-image size-large\"><img loading=\"lazy\" decoding=\"async\" width=\"1024\" height=\"765\" src=\"https:\/\/ngerard.fr\/blog\/wp-content\/uploads\/2022\/06\/image-1024x765.png\" alt=\"\" class=\"wp-image-1254\" srcset=\"https:\/\/ngerard.fr\/blog\/wp-content\/uploads\/2022\/06\/image-1024x765.png 1024w, https:\/\/ngerard.fr\/blog\/wp-content\/uploads\/2022\/06\/image-300x224.png 300w, https:\/\/ngerard.fr\/blog\/wp-content\/uploads\/2022\/06\/image-768x574.png 768w, https:\/\/ngerard.fr\/blog\/wp-content\/uploads\/2022\/06\/image.png 1338w\" sizes=\"auto, (max-width: 1024px) 100vw, 1024px\" \/><\/figure>\n\n\n\n<!--more-->\n\n\n\n<p>Une fois les affaires s\u00e9ch\u00e9es et le Nicolas motiv\u00e9, je commence \u00e0 marcher vers 9h30.<\/p>\n\n\n\n<p>Le chemin se rapproche rapidement du Estany de Lan\u00f3s (Etang de Lanoux), plus grand lac des Pyr\u00e9n\u00e9es fran\u00e7aises. A 10h, j&rsquo;atteins la cabane du Rouzet, dans laquelle je laisse mon paquet de semoule pour accompagner le paquet de p\u00e2tes qui s&rsquo;y trouve d\u00e9j\u00e0. 500 grammes de moins !<\/p>\n\n\n\n<p>Je longe le lac un court moment, puis le chemin bifurque en direction du Pic Carlit, sous un soleil \u00e9clatant.<\/p>\n\n\n\n<figure class=\"wp-block-image size-large\"><img loading=\"lazy\" decoding=\"async\" width=\"1024\" height=\"768\" src=\"https:\/\/ngerard.fr\/blog\/wp-content\/uploads\/2022\/06\/image-2-1024x768.png\" alt=\"\" class=\"wp-image-1257\" srcset=\"https:\/\/ngerard.fr\/blog\/wp-content\/uploads\/2022\/06\/image-2-1024x768.png 1024w, https:\/\/ngerard.fr\/blog\/wp-content\/uploads\/2022\/06\/image-2-300x225.png 300w, https:\/\/ngerard.fr\/blog\/wp-content\/uploads\/2022\/06\/image-2-768x576.png 768w, https:\/\/ngerard.fr\/blog\/wp-content\/uploads\/2022\/06\/image-2.png 1335w\" sizes=\"auto, (max-width: 1024px) 100vw, 1024px\" \/><\/figure>\n\n\n\n<p>A 11h30 j&rsquo;arrive pr\u00e8s du petit \u00c9tang des Fourats. C&rsquo;est le dernier plat avant la mont\u00e9e au Pic Carlit, soit environ 600m de d\u00e9nivel\u00e9. <br>Je r\u00e9cup\u00e8re de l&rsquo;eau dans un petit laquet, puis je traine un peu, et en profite pour faire mon repas du midi, histoire de partir le ventre rempli et ainsi de bien subir la mont\u00e9e en plein soleil. D\u00e9part 12h15 donc.<\/p>\n\n\n\n<figure class=\"wp-block-image size-large\"><img loading=\"lazy\" decoding=\"async\" width=\"1024\" height=\"684\" src=\"https:\/\/ngerard.fr\/blog\/wp-content\/uploads\/2022\/06\/image-3-1024x684.png\" alt=\"\" class=\"wp-image-1258\" srcset=\"https:\/\/ngerard.fr\/blog\/wp-content\/uploads\/2022\/06\/image-3-1024x684.png 1024w, https:\/\/ngerard.fr\/blog\/wp-content\/uploads\/2022\/06\/image-3-300x200.png 300w, https:\/\/ngerard.fr\/blog\/wp-content\/uploads\/2022\/06\/image-3-768x513.png 768w, https:\/\/ngerard.fr\/blog\/wp-content\/uploads\/2022\/06\/image-3.png 1499w\" sizes=\"auto, (max-width: 1024px) 100vw, 1024px\" \/><\/figure>\n\n\n\n<p>La mont\u00e9e est tr\u00e8s raide, mais je croise tout de m\u00eame un cycliste qui descend sans aucune pr\u00e9occupation pour les randonneurs. (non, je n&rsquo;ai pas \u00e9mis le souhait de le voir glisser sur une pierre, ce ne serait pas sympa)<\/p>\n\n\n\n<figure class=\"wp-block-image size-large\"><img loading=\"lazy\" decoding=\"async\" width=\"1024\" height=\"768\" src=\"https:\/\/ngerard.fr\/blog\/wp-content\/uploads\/2022\/06\/image-4-1024x768.png\" alt=\"\" class=\"wp-image-1259\" srcset=\"https:\/\/ngerard.fr\/blog\/wp-content\/uploads\/2022\/06\/image-4-1024x768.png 1024w, https:\/\/ngerard.fr\/blog\/wp-content\/uploads\/2022\/06\/image-4-300x225.png 300w, https:\/\/ngerard.fr\/blog\/wp-content\/uploads\/2022\/06\/image-4-768x576.png 768w, https:\/\/ngerard.fr\/blog\/wp-content\/uploads\/2022\/06\/image-4.png 1334w\" sizes=\"auto, (max-width: 1024px) 100vw, 1024px\" \/><\/figure>\n\n\n\n<p>A 13h j&rsquo;arrive finalement au Pic Carlit, 2921m, point culminant des Pyr\u00e9n\u00e9es-Orientales, et qui semble effectivement \u00eatre LA montagne \u00e0 gravir dans les environs.<br>Je fais une petite pause jusqu&rsquo;\u00e0 14h un peu en contrebas du Pic, o\u00f9 plusieurs dizaines de personnes s&rsquo;agglutinent.<\/p>\n\n\n\n<p>J\u2019amorce ensuite la redescente, en cheminant tant bien que mal parmi des populations visiblement peu habitu\u00e9es \u00e0 la randonn\u00e9e sur chemin technique.<\/p>\n\n\n\n<figure class=\"wp-block-image size-large\"><img loading=\"lazy\" decoding=\"async\" width=\"1024\" height=\"769\" src=\"https:\/\/ngerard.fr\/blog\/wp-content\/uploads\/2022\/06\/image-5-1024x769.png\" alt=\"\" class=\"wp-image-1260\" srcset=\"https:\/\/ngerard.fr\/blog\/wp-content\/uploads\/2022\/06\/image-5-1024x769.png 1024w, https:\/\/ngerard.fr\/blog\/wp-content\/uploads\/2022\/06\/image-5-300x225.png 300w, https:\/\/ngerard.fr\/blog\/wp-content\/uploads\/2022\/06\/image-5-768x576.png 768w, https:\/\/ngerard.fr\/blog\/wp-content\/uploads\/2022\/06\/image-5.png 1335w\" sizes=\"auto, (max-width: 1024px) 100vw, 1024px\" \/><\/figure>\n\n\n\n<p>Vers 15h, je croise un cours d&rsquo;eau et remplis de nouveau ma bouteille. Un anglais arrive alors et vient directement dans ma direction. Je fais donc la rencontre d&rsquo;Impala, qui fait \u00e9galement la HRP mais dans l&rsquo;autre sens, avec un ami.<br>Il m&rsquo;a \u00ab\u00a0reconnu\u00a0\u00bb facilement \u00e0 l&rsquo;\u00e9quipement, et inversement. Lui aussi est \u00e9quip\u00e9 en mat\u00e9riel ultra-l\u00e9ger et cela se voit tout de suite au choix du sac \u00e0 dos, ou encore au type de filtre \u00e0 eau utilis\u00e9 !<\/p>\n\n\n\n<figure class=\"wp-block-image size-large\"><img loading=\"lazy\" decoding=\"async\" width=\"1024\" height=\"770\" src=\"https:\/\/ngerard.fr\/blog\/wp-content\/uploads\/2022\/06\/image-6-1024x770.png\" alt=\"\" class=\"wp-image-1261\" srcset=\"https:\/\/ngerard.fr\/blog\/wp-content\/uploads\/2022\/06\/image-6-1024x770.png 1024w, https:\/\/ngerard.fr\/blog\/wp-content\/uploads\/2022\/06\/image-6-300x226.png 300w, https:\/\/ngerard.fr\/blog\/wp-content\/uploads\/2022\/06\/image-6-768x578.png 768w, https:\/\/ngerard.fr\/blog\/wp-content\/uploads\/2022\/06\/image-6.png 1333w\" sizes=\"auto, (max-width: 1024px) 100vw, 1024px\" \/><\/figure>\n\n\n\n<p>Impala me dit qu&rsquo;ils ont aussi 5 semaines pour faire la travers\u00e9e en entier, mais ils ont d\u00e9j\u00e0 d\u00fb prendre des jours de pause car son ami a mal au genou.<\/p>\n\n\n\n<p>Ils me disent que \u00e7a va \u00eatre plut\u00f4t cool niveau terrain pour moi, pour la suite&#8230;<br>Arrivant de toute fa\u00e7on sur la fin, plus grand chose ne pourra m&rsquo;arr\u00eater!<\/p>\n\n\n\n<p>Nous poursuivons ensuite notre chemin, chacun de notre c\u00f4t\u00e9. Le paysage est tr\u00e8s agr\u00e9able, mais les troupes de randonneurs, drones et autres embouteillages de touristes g\u00e2chent un peu mon plaisir&#8230;<br>Cela m&rsquo;incite donc \u00e0 acc\u00e9l\u00e9rer la cadence.<\/p>\n\n\n\n<p>A 16h, j&rsquo;arrive au barrage des Bouillouses, qui contient le Lac du m\u00eame nom.<br>Un peu fatigu\u00e9, pas super motiv\u00e9 avec ce retour \u00e0 la civilisation, je me dirige vers le refuge pr\u00e8s du lac, dans l&rsquo;espoir d&rsquo;y faire une petite pause.<\/p>\n\n\n\n<p>D\u00e9ception, celui-ci est ferm\u00e9 pour cause de travaux. J&rsquo;avais loup\u00e9 cette information en pr\u00e9parant mon itin\u00e9raire. Rien de dramatique, je poursuis ma route, retourne dans la for\u00eat, retrouve un peu de calme. Toujours fatigu\u00e9, j&rsquo;h\u00e9site \u00e0 m&rsquo;arr\u00eater camper aupr\u00e8s des lacs.<\/p>\n\n\n\n<figure class=\"wp-block-image size-large\"><img loading=\"lazy\" decoding=\"async\" width=\"1024\" height=\"768\" src=\"https:\/\/ngerard.fr\/blog\/wp-content\/uploads\/2022\/06\/image-7-1024x768.png\" alt=\"\" class=\"wp-image-1262\" srcset=\"https:\/\/ngerard.fr\/blog\/wp-content\/uploads\/2022\/06\/image-7-1024x768.png 1024w, https:\/\/ngerard.fr\/blog\/wp-content\/uploads\/2022\/06\/image-7-300x225.png 300w, https:\/\/ngerard.fr\/blog\/wp-content\/uploads\/2022\/06\/image-7-768x576.png 768w, https:\/\/ngerard.fr\/blog\/wp-content\/uploads\/2022\/06\/image-7.png 1333w\" sizes=\"auto, (max-width: 1024px) 100vw, 1024px\" \/><\/figure>\n\n\n\n<p>J&rsquo;arrive finalement sur une piste dans la for\u00eat, il s&rsquo;agit d&rsquo;une partie qui suit le GR10 : je retrouve ma motivation, comme souvent, sur la piste : je marche vite, il n y a pas \u00e0 r\u00e9fl\u00e9chir, le terrain est facile.<\/p>\n\n\n\n<p>La piste se transforme ensuite en route, ce qui n&rsquo;enl\u00e8ve pas ma bonne humeur.<\/p>\n\n\n\n<figure class=\"wp-block-image size-large\"><img loading=\"lazy\" decoding=\"async\" width=\"1024\" height=\"768\" src=\"https:\/\/ngerard.fr\/blog\/wp-content\/uploads\/2022\/06\/image-8-1024x768.png\" alt=\"\" class=\"wp-image-1263\" srcset=\"https:\/\/ngerard.fr\/blog\/wp-content\/uploads\/2022\/06\/image-8-1024x768.png 1024w, https:\/\/ngerard.fr\/blog\/wp-content\/uploads\/2022\/06\/image-8-300x225.png 300w, https:\/\/ngerard.fr\/blog\/wp-content\/uploads\/2022\/06\/image-8-768x576.png 768w, https:\/\/ngerard.fr\/blog\/wp-content\/uploads\/2022\/06\/image-8.png 1335w\" sizes=\"auto, (max-width: 1024px) 100vw, 1024px\" \/><\/figure>\n\n\n\n<p>Je poursuis donc jusqu&rsquo;\u00e0 la ville de Bolqu\u00e8re, o\u00f9 j&rsquo;arrive vers 20h, et comble de chance, un boulodrome se trouve l\u00e0, avec un barnum, personne \u00e0 proximit\u00e9, une table de pique-nique, et un robinet d&rsquo;eau \u00e0 volont\u00e9 tout pr\u00e8s. J&rsquo;h\u00e9site quelques instants, me pose \u00e0 la table, puis je d\u00e9cide que le barnum sera ma tente XXL pour la nuit. Je verrai bien si l&rsquo;on me d\u00e9loge !<\/p>\n\n\n\n<figure class=\"wp-block-image size-large\"><img loading=\"lazy\" decoding=\"async\" width=\"1024\" height=\"770\" src=\"https:\/\/ngerard.fr\/blog\/wp-content\/uploads\/2022\/06\/image-9-1024x770.png\" alt=\"\" class=\"wp-image-1264\" srcset=\"https:\/\/ngerard.fr\/blog\/wp-content\/uploads\/2022\/06\/image-9-1024x770.png 1024w, https:\/\/ngerard.fr\/blog\/wp-content\/uploads\/2022\/06\/image-9-300x226.png 300w, https:\/\/ngerard.fr\/blog\/wp-content\/uploads\/2022\/06\/image-9-768x577.png 768w, https:\/\/ngerard.fr\/blog\/wp-content\/uploads\/2022\/06\/image-9.png 1334w\" sizes=\"auto, (max-width: 1024px) 100vw, 1024px\" \/><\/figure>\n\n\n\n<p>Il y a m\u00eame un banc pour poser mes affaires, et le barnum peut se fermer compl\u00e8tement ! Le grand luxe&#8230; et pas de tente \u00e0 d\u00e9monter demain matin !<\/p>\n\n\n\n<p>Bilan de la journ\u00e9e :&nbsp;29km<\/p>\n","protected":false},"excerpt":{"rendered":"<p>Date : vendredi 27 ao\u00fbt Je me r\u00e9veille apr\u00e8s le soleil, il fait frais ce matin et le vent souffle. Je prends le petit-d\u00e9j sous le tarp, emmitoufl\u00e9 dans mon duvet. Je replie tout ensuite, et laisse s\u00e9cher le tarp et le tapis de sol sur des rochers. Je d\u00e9couvre \u00e9galement l&rsquo;endroit o\u00f9 je me&hellip; <a class=\"more-link\" href=\"https:\/\/ngerard.fr\/blog\/2022\/07\/06\/hrp2021-jour-27-estany-de-lanoset-bolquere\/\">Poursuivre la lecture <span class=\"screen-reader-text\">[HRP2021] Jour 27 : Estany de Lanoset &#8211; Bolqu\u00e8re<\/span><\/a><\/p>\n","protected":false},"author":1,"featured_media":0,"comment_status":"open","ping_status":"open","sticky":false,"template":"","format":"standard","meta":{"jetpack_post_was_ever_published":false,"_jetpack_newsletter_access":"","_jetpack_dont_email_post_to_subs":false,"_jetpack_newsletter_tier_id":0,"_jetpack_memberships_contains_paywalled_content":false,"_jetpack_memberships_contains_paid_content":false,"footnotes":"","jetpack_publicize_message":"","jetpack_publicize_feature_enabled":true,"jetpack_social_post_already_shared":true,"jetpack_social_options":{"image_generator_settings":{"template":"highway","default_image_id":0,"font":"","enabled":false},"version":2}},"categories":[12],"tags":[15,14,13],"class_list":["post-1074","post","type-post","status-publish","format-standard","hentry","category-haute-route-pyreneenne","tag-hrp","tag-hrp2021","tag-pyrenees","entry"],"jetpack_publicize_connections":[],"jetpack_featured_media_url":"","jetpack_sharing_enabled":true,"jetpack_likes_enabled":false,"_links":{"self":[{"href":"https:\/\/ngerard.fr\/blog\/wp-json\/wp\/v2\/posts\/1074","targetHints":{"allow":["GET"]}}],"collection":[{"href":"https:\/\/ngerard.fr\/blog\/wp-json\/wp\/v2\/posts"}],"about":[{"href":"https:\/\/ngerard.fr\/blog\/wp-json\/wp\/v2\/types\/post"}],"author":[{"embeddable":true,"href":"https:\/\/ngerard.fr\/blog\/wp-json\/wp\/v2\/users\/1"}],"replies":[{"embeddable":true,"href":"https:\/\/ngerard.fr\/blog\/wp-json\/wp\/v2\/comments?post=1074"}],"version-history":[{"count":5,"href":"https:\/\/ngerard.fr\/blog\/wp-json\/wp\/v2\/posts\/1074\/revisions"}],"predecessor-version":[{"id":1324,"href":"https:\/\/ngerard.fr\/blog\/wp-json\/wp\/v2\/posts\/1074\/revisions\/1324"}],"wp:attachment":[{"href":"https:\/\/ngerard.fr\/blog\/wp-json\/wp\/v2\/media?parent=1074"}],"wp:term":[{"taxonomy":"category","embeddable":true,"href":"https:\/\/ngerard.fr\/blog\/wp-json\/wp\/v2\/categories?post=1074"},{"taxonomy":"post_tag","embeddable":true,"href":"https:\/\/ngerard.fr\/blog\/wp-json\/wp\/v2\/tags?post=1074"}],"curies":[{"name":"wp","href":"https:\/\/api.w.org\/{rel}","templated":true}]}}