{"id":113,"date":"2020-07-22T22:09:39","date_gmt":"2020-07-22T20:09:39","guid":{"rendered":"https:\/\/ngerard.fr\/blog\/2020\/07\/22\/jour-5-pont-darleve-les-houches\/"},"modified":"2021-06-07T23:25:17","modified_gmt":"2021-06-07T21:25:17","slug":"jour-5-pont-darleve-les-houches","status":"publish","type":"post","link":"https:\/\/ngerard.fr\/blog\/2020\/07\/22\/jour-5-pont-darleve-les-houches\/","title":{"rendered":"[GTA2020] Jour 5 : Pont d&rsquo;Arlev\u00e9 &#8211; Les Houches"},"content":{"rendered":"\n<figure class=\"wp-block-image size-large\"><img loading=\"lazy\" decoding=\"async\" width=\"2560\" height=\"1920\" src=\"https:\/\/ngerard.fr\/blog\/wp-content\/uploads\/2020\/07\/IMG_20200722_065931-scaled.jpg\" alt=\"\" class=\"wp-image-108\" srcset=\"https:\/\/ngerard.fr\/blog\/wp-content\/uploads\/2020\/07\/IMG_20200722_065931-scaled.jpg 2560w, https:\/\/ngerard.fr\/blog\/wp-content\/uploads\/2020\/07\/IMG_20200722_065931-300x225.jpg 300w, https:\/\/ngerard.fr\/blog\/wp-content\/uploads\/2020\/07\/IMG_20200722_065931-1024x768.jpg 1024w, https:\/\/ngerard.fr\/blog\/wp-content\/uploads\/2020\/07\/IMG_20200722_065931-768x576.jpg 768w, https:\/\/ngerard.fr\/blog\/wp-content\/uploads\/2020\/07\/IMG_20200722_065931-1536x1152.jpg 1536w, https:\/\/ngerard.fr\/blog\/wp-content\/uploads\/2020\/07\/IMG_20200722_065931-2048x1536.jpg 2048w\" sizes=\"auto, (max-width: 2560px) 100vw, 2560px\" \/><figcaption>3 tarps bien lav\u00e9s apr\u00e8s cette nuit d&rsquo;orage<\/figcaption><\/figure>\n\n\n\n<p>Le d\u00e9but de nuit la veille a \u00e9t\u00e9 un peu stressant, avec beaucoup de pluie, de vent, de gr\u00eale et d&rsquo;\u00e9clairs. Mais mon tarp a bien tenu le choc et n&rsquo;a pas (trop) boug\u00e9, et le sol \u00e9tait plut\u00f4t confortable. Apr\u00e8s minuit environ, le temps \u00e9tait plus calme.<\/p>\n\n\n\n<!--more-->\n\n\n\n<figure class=\"wp-block-video\"><video height=\"1080\" style=\"aspect-ratio: 1920 \/ 1080;\" width=\"1920\" controls src=\"https:\/\/ngerard.fr\/blog\/wp-content\/uploads\/2020\/07\/VID_20200722_0931230-2.mp4\"><\/video><\/figure>\n\n\n\n<p>Le matin nous sommes repartis \u00e0 8h30 direction Le Br\u00e9vent, le temps \u00e9tait changeant mais j&rsquo;ai pu faire s\u00e9cher mon tarp sur le sac \u00e0 dos durant la journ\u00e9e, tout en rechargeant la batterie externe gr\u00e2ce au panneau solaire (qui marche plut\u00f4t bien).<\/p>\n\n\n\n<figure class=\"wp-block-image size-large\"><img loading=\"lazy\" decoding=\"async\" width=\"2560\" height=\"1920\" src=\"https:\/\/ngerard.fr\/blog\/wp-content\/uploads\/2020\/07\/IMG_20200722_132257-scaled.jpg\" alt=\"\" class=\"wp-image-109\" srcset=\"https:\/\/ngerard.fr\/blog\/wp-content\/uploads\/2020\/07\/IMG_20200722_132257-scaled.jpg 2560w, https:\/\/ngerard.fr\/blog\/wp-content\/uploads\/2020\/07\/IMG_20200722_132257-300x225.jpg 300w, https:\/\/ngerard.fr\/blog\/wp-content\/uploads\/2020\/07\/IMG_20200722_132257-1024x768.jpg 1024w, https:\/\/ngerard.fr\/blog\/wp-content\/uploads\/2020\/07\/IMG_20200722_132257-768x576.jpg 768w, https:\/\/ngerard.fr\/blog\/wp-content\/uploads\/2020\/07\/IMG_20200722_132257-1536x1152.jpg 1536w, https:\/\/ngerard.fr\/blog\/wp-content\/uploads\/2020\/07\/IMG_20200722_132257-2048x1536.jpg 2048w\" sizes=\"auto, (max-width: 2560px) 100vw, 2560px\" \/><figcaption>Chamonix et le Mont Blanc, dans les nuages<\/figcaption><\/figure>\n\n\n\n<p>Le Mont Blanc n&rsquo;\u00e9tait pas compl\u00e8tement visible, mais ce fut une tr\u00e8s belle journ\u00e9e tout de m\u00eame (avec quelques bouquetins)<br>Nous \u00e9tions tous beaucoup fatigu\u00e9s durant l&rsquo;apr\u00e8s-midi, avec environ 1600m \u00e0 descendre pour rejoindre Les Houches.<br>Nous avons donc pris une chambre dans un g\u00eete, avec superbe repas inclus, encore plus appr\u00e9ci\u00e9 apr\u00e8s plusieurs jours de repas peu qualitatifs&#8230;<\/p>\n\n\n\n<figure class=\"wp-block-image size-large\"><img loading=\"lazy\" decoding=\"async\" width=\"1024\" height=\"768\" src=\"https:\/\/ngerard.fr\/blog\/wp-content\/uploads\/2020\/07\/IMG_20200722_192454-1024x768.jpg\" alt=\"\" class=\"wp-image-110\" srcset=\"https:\/\/ngerard.fr\/blog\/wp-content\/uploads\/2020\/07\/IMG_20200722_192454-1024x768.jpg 1024w, https:\/\/ngerard.fr\/blog\/wp-content\/uploads\/2020\/07\/IMG_20200722_192454-300x225.jpg 300w, https:\/\/ngerard.fr\/blog\/wp-content\/uploads\/2020\/07\/IMG_20200722_192454-768x576.jpg 768w, https:\/\/ngerard.fr\/blog\/wp-content\/uploads\/2020\/07\/IMG_20200722_192454-1536x1152.jpg 1536w, https:\/\/ngerard.fr\/blog\/wp-content\/uploads\/2020\/07\/IMG_20200722_192454-2048x1536.jpg 2048w\" sizes=\"auto, (max-width: 1024px) 100vw, 1024px\" \/><figcaption>Gratin de crozets et fromage, salade et bi\u00e8re, un repas \u00e9quilibr\u00e9<\/figcaption><\/figure>\n\n\n\n<p>Nous avons \u00e9galement pu prendre une bonne douche chaude et laver les v\u00eatements, ce qui commen\u00e7ait \u00e0 \u00eatre n\u00e9cessaire !<\/p>\n\n\n\n<figure class=\"wp-block-image size-large\"><img loading=\"lazy\" decoding=\"async\" width=\"2560\" height=\"1920\" src=\"https:\/\/ngerard.fr\/blog\/wp-content\/uploads\/2020\/07\/IMG_20200722_181956-scaled.jpg\" alt=\"\" class=\"wp-image-112\" srcset=\"https:\/\/ngerard.fr\/blog\/wp-content\/uploads\/2020\/07\/IMG_20200722_181956-scaled.jpg 2560w, https:\/\/ngerard.fr\/blog\/wp-content\/uploads\/2020\/07\/IMG_20200722_181956-300x225.jpg 300w, https:\/\/ngerard.fr\/blog\/wp-content\/uploads\/2020\/07\/IMG_20200722_181956-1024x768.jpg 1024w, https:\/\/ngerard.fr\/blog\/wp-content\/uploads\/2020\/07\/IMG_20200722_181956-768x576.jpg 768w, https:\/\/ngerard.fr\/blog\/wp-content\/uploads\/2020\/07\/IMG_20200722_181956-1536x1152.jpg 1536w, https:\/\/ngerard.fr\/blog\/wp-content\/uploads\/2020\/07\/IMG_20200722_181956-2048x1536.jpg 2048w\" sizes=\"auto, (max-width: 2560px) 100vw, 2560px\" \/><figcaption>La randonn\u00e9e, c&rsquo;est un peu salissant<\/figcaption><\/figure>\n\n\n\n<p>Le r\u00e9veil est pr\u00e9vu \u00e0 7h18 demain, ne me demandez pas pourquoi&#8230;<br>Direction le centre des Houches pour un bon ravitaillement n\u00e9cessaire, puis les Contamines-Montjoie et si tout se passe bien un campement pr\u00e8s du refuge de la Balme, ce qui annonce donc une grosse \u00e9tape.<\/p>\n\n\n\n<p>Bilan de la journ\u00e9e : 18km, 930m de d\u00e9nivel\u00e9 positif, environ 1600m de n\u00e9gatif, une partie de Uno gagn\u00e9e, un estomac bien rempli.<\/p>\n","protected":false},"excerpt":{"rendered":"<p>Le d\u00e9but de nuit la veille a \u00e9t\u00e9 un peu stressant, avec beaucoup de pluie, de vent, de gr\u00eale et d&rsquo;\u00e9clairs. Mais mon tarp a bien tenu le choc et n&rsquo;a pas (trop) boug\u00e9, et le sol \u00e9tait plut\u00f4t confortable. Apr\u00e8s minuit environ, le temps \u00e9tait plus calme.<\/p>\n","protected":false},"author":1,"featured_media":0,"comment_status":"open","ping_status":"open","sticky":false,"template":"","format":"standard","meta":{"jetpack_post_was_ever_published":false,"_jetpack_newsletter_access":"","_jetpack_dont_email_post_to_subs":false,"_jetpack_newsletter_tier_id":0,"_jetpack_memberships_contains_paywalled_content":false,"_jetpack_memberships_contains_paid_content":false,"footnotes":"","jetpack_publicize_message":"","jetpack_publicize_feature_enabled":true,"jetpack_social_post_already_shared":true,"jetpack_social_options":{"image_generator_settings":{"template":"highway","default_image_id":0,"font":"","enabled":false},"version":2}},"categories":[4],"tags":[6,7,8],"class_list":["post-113","post","type-post","status-publish","format-standard","hentry","category-grande-traversee-des-alpes","tag-alpes","tag-gta","tag-gta2020","entry"],"jetpack_publicize_connections":[],"jetpack_featured_media_url":"","jetpack_sharing_enabled":true,"jetpack_likes_enabled":false,"_links":{"self":[{"href":"https:\/\/ngerard.fr\/blog\/wp-json\/wp\/v2\/posts\/113","targetHints":{"allow":["GET"]}}],"collection":[{"href":"https:\/\/ngerard.fr\/blog\/wp-json\/wp\/v2\/posts"}],"about":[{"href":"https:\/\/ngerard.fr\/blog\/wp-json\/wp\/v2\/types\/post"}],"author":[{"embeddable":true,"href":"https:\/\/ngerard.fr\/blog\/wp-json\/wp\/v2\/users\/1"}],"replies":[{"embeddable":true,"href":"https:\/\/ngerard.fr\/blog\/wp-json\/wp\/v2\/comments?post=113"}],"version-history":[{"count":5,"href":"https:\/\/ngerard.fr\/blog\/wp-json\/wp\/v2\/posts\/113\/revisions"}],"predecessor-version":[{"id":618,"href":"https:\/\/ngerard.fr\/blog\/wp-json\/wp\/v2\/posts\/113\/revisions\/618"}],"wp:attachment":[{"href":"https:\/\/ngerard.fr\/blog\/wp-json\/wp\/v2\/media?parent=113"}],"wp:term":[{"taxonomy":"category","embeddable":true,"href":"https:\/\/ngerard.fr\/blog\/wp-json\/wp\/v2\/categories?post=113"},{"taxonomy":"post_tag","embeddable":true,"href":"https:\/\/ngerard.fr\/blog\/wp-json\/wp\/v2\/tags?post=113"}],"curies":[{"name":"wp","href":"https:\/\/api.w.org\/{rel}","templated":true}]}}