{"id":1190,"date":"2022-07-16T18:00:00","date_gmt":"2022-07-16T16:00:00","guid":{"rendered":"https:\/\/ngerard.fr\/blog\/?p=1190"},"modified":"2022-07-15T20:20:17","modified_gmt":"2022-07-15T18:20:17","slug":"hrp2021-jour-33-pic-de-sailfort-banyuls-sur-mer","status":"publish","type":"post","link":"https:\/\/ngerard.fr\/blog\/2022\/07\/16\/hrp2021-jour-33-pic-de-sailfort-banyuls-sur-mer\/","title":{"rendered":"[HRP2021] Jour 33 : Pic de Sailfort &#8211; Banyuls-sur-Mer"},"content":{"rendered":"\n<p>Date : Jeudi 2 septembre<\/p>\n\n\n\n<p>Je m&rsquo;attendais \u00e0 me r\u00e9veiller avec la vue sur la mer, mais finalement c&rsquo;est encore mieux, j&rsquo;ai le droit au lever du soleil sur une mer de nuages&#8230;<\/p>\n\n\n\n<p>Pour ce dernier jour, j&rsquo;ai le droit au plus beau r\u00e9veil de la travers\u00e9e!<\/p>\n\n\n\n<figure class=\"wp-block-image size-large\"><img loading=\"lazy\" decoding=\"async\" width=\"1024\" height=\"746\" src=\"https:\/\/ngerard.fr\/blog\/wp-content\/uploads\/2022\/07\/image-37-1024x746.png\" alt=\"\" class=\"wp-image-1373\" srcset=\"https:\/\/ngerard.fr\/blog\/wp-content\/uploads\/2022\/07\/image-37-1024x746.png 1024w, https:\/\/ngerard.fr\/blog\/wp-content\/uploads\/2022\/07\/image-37-300x219.png 300w, https:\/\/ngerard.fr\/blog\/wp-content\/uploads\/2022\/07\/image-37-768x560.png 768w, https:\/\/ngerard.fr\/blog\/wp-content\/uploads\/2022\/07\/image-37.png 1375w\" sizes=\"auto, (max-width: 1024px) 100vw, 1024px\" \/><\/figure>\n\n\n\n<!--more-->\n\n\n\n<p>La vue est sublime, et je me f\u00e9licite une nouvelle fois de mon choix du cowboy camping. Il n&rsquo;a pas plu dans la nuit, et il fait bon ce matin, je prends donc mon petit-d\u00e9j assis face \u00e0 ce superbe paysage.<\/p>\n\n\n\n<figure class=\"wp-block-image size-large\"><img loading=\"lazy\" decoding=\"async\" width=\"1024\" height=\"768\" src=\"https:\/\/ngerard.fr\/blog\/wp-content\/uploads\/2022\/07\/image-38-1024x768.png\" alt=\"\" class=\"wp-image-1374\" srcset=\"https:\/\/ngerard.fr\/blog\/wp-content\/uploads\/2022\/07\/image-38-1024x768.png 1024w, https:\/\/ngerard.fr\/blog\/wp-content\/uploads\/2022\/07\/image-38-300x225.png 300w, https:\/\/ngerard.fr\/blog\/wp-content\/uploads\/2022\/07\/image-38-768x576.png 768w, https:\/\/ngerard.fr\/blog\/wp-content\/uploads\/2022\/07\/image-38.png 1334w\" sizes=\"auto, (max-width: 1024px) 100vw, 1024px\" \/><\/figure>\n\n\n\n<figure class=\"wp-block-image size-large\"><img loading=\"lazy\" decoding=\"async\" width=\"1024\" height=\"769\" src=\"https:\/\/ngerard.fr\/blog\/wp-content\/uploads\/2022\/07\/image-39-1024x769.png\" alt=\"\" class=\"wp-image-1375\" srcset=\"https:\/\/ngerard.fr\/blog\/wp-content\/uploads\/2022\/07\/image-39-1024x769.png 1024w, https:\/\/ngerard.fr\/blog\/wp-content\/uploads\/2022\/07\/image-39-300x225.png 300w, https:\/\/ngerard.fr\/blog\/wp-content\/uploads\/2022\/07\/image-39-768x576.png 768w, https:\/\/ngerard.fr\/blog\/wp-content\/uploads\/2022\/07\/image-39.png 1335w\" sizes=\"auto, (max-width: 1024px) 100vw, 1024px\" \/><\/figure>\n\n\n\n<p>Progressivement, les nuages montent, \u00e7a y est, le beau temps est parti ! La m\u00e9t\u00e9o d&rsquo;Anton avait raison, mais avec un peu de retard. Quelques minutes apr\u00e8s avoir lev\u00e9 le camp, vers 8h30, quelques gouttes commencent \u00e0 tomber.<\/p>\n\n\n\n<p>Le temps se d\u00e9grade de plus en plus, et il ne fait plus tr\u00e8s chaud. Je ne vois m\u00eame plus la mer au loin. Je commence \u00e0 me dire que la travers\u00e9e va se terminer comme elle a commenc\u00e9 : sous la pluie. Ce qui est assez ironique, puisqu&rsquo;il a fait tr\u00e8s beau tout le reste du temps !<\/p>\n\n\n\n<p>Je m&rsquo;\u00e9loigne un peu de mon itin\u00e9raire pour faire une pause ravitaillement en eau, \u00e0 la source Fran\u00e7ois Grand. Derni\u00e8re source avant la fin !<\/p>\n\n\n\n<figure class=\"wp-block-image size-full\"><img loading=\"lazy\" decoding=\"async\" width=\"753\" height=\"1003\" src=\"https:\/\/ngerard.fr\/blog\/wp-content\/uploads\/2022\/07\/image-40.png\" alt=\"\" class=\"wp-image-1376\" srcset=\"https:\/\/ngerard.fr\/blog\/wp-content\/uploads\/2022\/07\/image-40.png 753w, https:\/\/ngerard.fr\/blog\/wp-content\/uploads\/2022\/07\/image-40-225x300.png 225w\" sizes=\"auto, (max-width: 753px) 100vw, 753px\" \/><\/figure>\n\n\n\n<p>Je continue la descente dans le brouillard, sous mon parapluie, qui reprend du service.<br>Je marche assez vite et manque d&rsquo;\u00e9craser une salamandre ! D\u00e9cid\u00e9ment, apr\u00e8s tout ce temps pass\u00e9 en montagne, c&rsquo;est au dernier jour que je croise pour la premi\u00e8re fois cette superbe bestiole&#8230;<\/p>\n\n\n\n<figure class=\"wp-block-image size-large\"><img loading=\"lazy\" decoding=\"async\" width=\"1024\" height=\"768\" src=\"https:\/\/ngerard.fr\/blog\/wp-content\/uploads\/2022\/07\/image-41-1024x768.png\" alt=\"\" class=\"wp-image-1377\" srcset=\"https:\/\/ngerard.fr\/blog\/wp-content\/uploads\/2022\/07\/image-41-1024x768.png 1024w, https:\/\/ngerard.fr\/blog\/wp-content\/uploads\/2022\/07\/image-41-300x225.png 300w, https:\/\/ngerard.fr\/blog\/wp-content\/uploads\/2022\/07\/image-41-768x576.png 768w, https:\/\/ngerard.fr\/blog\/wp-content\/uploads\/2022\/07\/image-41.png 1336w\" sizes=\"auto, (max-width: 1024px) 100vw, 1024px\" \/><\/figure>\n\n\n\n<p>Quelques m\u00e8tres plus loin, j&rsquo;en croiserai une seconde, puis une troisi\u00e8me. Je fais d\u00e9sormais tr\u00e8s attention o\u00f9 je pose les pieds.<\/p>\n\n\n\n<figure class=\"wp-block-image size-large\"><img loading=\"lazy\" decoding=\"async\" width=\"1024\" height=\"768\" src=\"https:\/\/ngerard.fr\/blog\/wp-content\/uploads\/2022\/07\/image-42-1024x768.png\" alt=\"\" class=\"wp-image-1378\" srcset=\"https:\/\/ngerard.fr\/blog\/wp-content\/uploads\/2022\/07\/image-42-1024x768.png 1024w, https:\/\/ngerard.fr\/blog\/wp-content\/uploads\/2022\/07\/image-42-300x225.png 300w, https:\/\/ngerard.fr\/blog\/wp-content\/uploads\/2022\/07\/image-42-768x576.png 768w, https:\/\/ngerard.fr\/blog\/wp-content\/uploads\/2022\/07\/image-42.png 1336w\" sizes=\"auto, (max-width: 1024px) 100vw, 1024px\" \/><\/figure>\n\n\n\n<p>Pas assez attention cela dit, puisque je glisse sur des rochers, 2 m\u00e8tres apr\u00e8s un panneau indiquant \u00ab\u00a0attention glissant &#8211; risque de chute\u00a0\u00bb&#8230;<br>\u00c9galement la premi\u00e8re chute de cette travers\u00e9e&#8230; Pas de casse, je repars aussit\u00f4t.<\/p>\n\n\n\n<figure class=\"wp-block-image size-large\"><img loading=\"lazy\" decoding=\"async\" width=\"1024\" height=\"768\" src=\"https:\/\/ngerard.fr\/blog\/wp-content\/uploads\/2022\/07\/image-43-1024x768.png\" alt=\"\" class=\"wp-image-1379\" srcset=\"https:\/\/ngerard.fr\/blog\/wp-content\/uploads\/2022\/07\/image-43-1024x768.png 1024w, https:\/\/ngerard.fr\/blog\/wp-content\/uploads\/2022\/07\/image-43-300x225.png 300w, https:\/\/ngerard.fr\/blog\/wp-content\/uploads\/2022\/07\/image-43-768x576.png 768w, https:\/\/ngerard.fr\/blog\/wp-content\/uploads\/2022\/07\/image-43.png 1334w\" sizes=\"auto, (max-width: 1024px) 100vw, 1024px\" \/><\/figure>\n\n\n\n<figure class=\"wp-block-image size-full\"><img loading=\"lazy\" decoding=\"async\" width=\"750\" height=\"1002\" src=\"https:\/\/ngerard.fr\/blog\/wp-content\/uploads\/2022\/07\/image-44.png\" alt=\"\" class=\"wp-image-1380\" srcset=\"https:\/\/ngerard.fr\/blog\/wp-content\/uploads\/2022\/07\/image-44.png 750w, https:\/\/ngerard.fr\/blog\/wp-content\/uploads\/2022\/07\/image-44-225x300.png 225w\" sizes=\"auto, (max-width: 750px) 100vw, 750px\" \/><\/figure>\n\n\n\n<p>Peu apr\u00e8s, j&rsquo;arrive \u00e0 une table d&rsquo;orientation, qui m&rsquo;indique toutes les belles choses \u00e0 voir dans les environs, du moins lorsqu&rsquo;il fait beau.<\/p>\n\n\n\n<figure class=\"wp-block-image size-large\"><img loading=\"lazy\" decoding=\"async\" width=\"1024\" height=\"767\" src=\"https:\/\/ngerard.fr\/blog\/wp-content\/uploads\/2022\/07\/image-45-1024x767.png\" alt=\"\" class=\"wp-image-1381\" srcset=\"https:\/\/ngerard.fr\/blog\/wp-content\/uploads\/2022\/07\/image-45-1024x767.png 1024w, https:\/\/ngerard.fr\/blog\/wp-content\/uploads\/2022\/07\/image-45-300x225.png 300w, https:\/\/ngerard.fr\/blog\/wp-content\/uploads\/2022\/07\/image-45-768x575.png 768w, https:\/\/ngerard.fr\/blog\/wp-content\/uploads\/2022\/07\/image-45.png 1336w\" sizes=\"auto, (max-width: 1024px) 100vw, 1024px\" \/><\/figure>\n\n\n\n<p>Encore un peu de descente parmi les cactus, et \u00e7a y est, je pose les pieds \u00e0 Banyuls ! La pluie se calme petit \u00e0 petit pour m&rsquo;accueillir&#8230;<\/p>\n\n\n\n<figure class=\"wp-block-image size-full\"><img loading=\"lazy\" decoding=\"async\" width=\"750\" height=\"1001\" src=\"https:\/\/ngerard.fr\/blog\/wp-content\/uploads\/2022\/07\/image-46.png\" alt=\"\" class=\"wp-image-1382\" srcset=\"https:\/\/ngerard.fr\/blog\/wp-content\/uploads\/2022\/07\/image-46.png 750w, https:\/\/ngerard.fr\/blog\/wp-content\/uploads\/2022\/07\/image-46-225x300.png 225w\" sizes=\"auto, (max-width: 750px) 100vw, 750px\" \/><\/figure>\n\n\n\n<p>Et enfin vers 11h&#8230; la mer ! Apr\u00e8s 33 jours, c&rsquo;est officiellement termin\u00e9, j&rsquo;ai travers\u00e9 la chaine des Pyr\u00e9n\u00e9es en partant de l&rsquo;Oc\u00e9an Atlantique jusqu&rsquo;\u00e0 la Mer M\u00e9diterran\u00e9e&#8230;<\/p>\n\n\n\n<figure class=\"wp-block-image size-full\"><img loading=\"lazy\" decoding=\"async\" width=\"752\" height=\"1001\" src=\"https:\/\/ngerard.fr\/blog\/wp-content\/uploads\/2022\/07\/image-47.png\" alt=\"\" class=\"wp-image-1383\" srcset=\"https:\/\/ngerard.fr\/blog\/wp-content\/uploads\/2022\/07\/image-47.png 752w, https:\/\/ngerard.fr\/blog\/wp-content\/uploads\/2022\/07\/image-47-225x300.png 225w\" sizes=\"auto, (max-width: 752px) 100vw, 752px\" \/><\/figure>\n\n\n\n<p>Bilan de la journ\u00e9e : 11km<\/p>\n\n\n\n<p>Bilan de la travers\u00e9e : 860km selon ma montre.<\/p>\n\n\n\n<figure class=\"wp-block-image size-large\"><img loading=\"lazy\" decoding=\"async\" width=\"1024\" height=\"769\" src=\"https:\/\/ngerard.fr\/blog\/wp-content\/uploads\/2022\/07\/image-48-1024x769.png\" alt=\"\" class=\"wp-image-1384\" srcset=\"https:\/\/ngerard.fr\/blog\/wp-content\/uploads\/2022\/07\/image-48-1024x769.png 1024w, https:\/\/ngerard.fr\/blog\/wp-content\/uploads\/2022\/07\/image-48-300x225.png 300w, https:\/\/ngerard.fr\/blog\/wp-content\/uploads\/2022\/07\/image-48-768x576.png 768w, https:\/\/ngerard.fr\/blog\/wp-content\/uploads\/2022\/07\/image-48.png 1335w\" sizes=\"auto, (max-width: 1024px) 100vw, 1024px\" \/><\/figure>\n\n\n\n<p>Le temps s&rsquo;est calm\u00e9, et m\u00eame s&rsquo;il n y a pas de grand soleil, je ne manquerai certainement pas la baignade finale ! L&rsquo;avantage, c&rsquo;est que la temp\u00e9rature de l&rsquo;eau n&rsquo;est pas beaucoup plus basse que celle de l&rsquo;air, j&rsquo;y rentre donc facilement et profite un moment de ce bonheur de flotter dans la mer apr\u00e8s ce mois de marche !<\/p>\n\n\n\n<figure class=\"wp-block-image size-full\"><img loading=\"lazy\" decoding=\"async\" width=\"752\" height=\"1001\" src=\"https:\/\/ngerard.fr\/blog\/wp-content\/uploads\/2022\/07\/image-49.png\" alt=\"\" class=\"wp-image-1385\" srcset=\"https:\/\/ngerard.fr\/blog\/wp-content\/uploads\/2022\/07\/image-49.png 752w, https:\/\/ngerard.fr\/blog\/wp-content\/uploads\/2022\/07\/image-49-225x300.png 225w\" sizes=\"auto, (max-width: 752px) 100vw, 752px\" \/><figcaption>Fatigu\u00e9 mais content<\/figcaption><\/figure>\n\n\n\n<p>Pour bien cl\u00f4turer cette marche, je m&rsquo;octroie un repas bien gras \u00e0 base de burger-frites et d&rsquo;une bi\u00e8re au Banyuls.<\/p>\n\n\n\n<figure class=\"wp-block-image size-full\"><img loading=\"lazy\" decoding=\"async\" width=\"753\" height=\"1002\" src=\"https:\/\/ngerard.fr\/blog\/wp-content\/uploads\/2022\/07\/image-50.png\" alt=\"\" class=\"wp-image-1386\" srcset=\"https:\/\/ngerard.fr\/blog\/wp-content\/uploads\/2022\/07\/image-50.png 753w, https:\/\/ngerard.fr\/blog\/wp-content\/uploads\/2022\/07\/image-50-225x300.png 225w\" sizes=\"auto, (max-width: 753px) 100vw, 753px\" \/><\/figure>\n\n\n\n<p>Apr\u00e8s \u00e7a, je me rends en direction de la gare, m&rsquo;arr\u00eate dans un petit caf\u00e9 pour une part de g\u00e2teau au chocolat (et un caf\u00e9), et puis voil\u00e0, le train va bient\u00f4t arriver&#8230;<\/p>\n\n\n\n<p>Sentiments tr\u00e8s \u00e9tranges de se retrouver dans un lourd v\u00e9hicule m\u00e9tallique avan\u00e7ant \u00e0 une vitesse impressionnante, apr\u00e8s un mois d&rsquo;un rythme de vie lent, pass\u00e9 \u00e0 marcher, manger, boire et dormir.<br>J&rsquo;ai comme l&rsquo;impression d&rsquo;\u00eatre arrach\u00e9 d&rsquo;un r\u00eave qui parait d\u00e9j\u00e0 lointain&#8230;<br>Heureusement avec beaucoup de souvenirs qui vont me permettre de tenir jusqu&rsquo;\u00e0 la prochaine fois !<\/p>\n\n\n\n<figure class=\"wp-block-image size-full\"><img loading=\"lazy\" decoding=\"async\" width=\"750\" height=\"1001\" src=\"https:\/\/ngerard.fr\/blog\/wp-content\/uploads\/2022\/07\/image-51.png\" alt=\"\" class=\"wp-image-1387\" srcset=\"https:\/\/ngerard.fr\/blog\/wp-content\/uploads\/2022\/07\/image-51.png 750w, https:\/\/ngerard.fr\/blog\/wp-content\/uploads\/2022\/07\/image-51-225x300.png 225w\" sizes=\"auto, (max-width: 750px) 100vw, 750px\" \/><\/figure>\n\n\n\n<p>Et puis c&rsquo;est le retour chez soi, avec au moins de belles lumi\u00e8res pour me souhaiter la bienvenue&#8230;<\/p>\n\n\n\n<figure class=\"wp-block-image size-large\"><img loading=\"lazy\" decoding=\"async\" width=\"1024\" height=\"769\" src=\"https:\/\/ngerard.fr\/blog\/wp-content\/uploads\/2022\/07\/image-52-1024x769.png\" alt=\"\" class=\"wp-image-1388\" srcset=\"https:\/\/ngerard.fr\/blog\/wp-content\/uploads\/2022\/07\/image-52-1024x769.png 1024w, https:\/\/ngerard.fr\/blog\/wp-content\/uploads\/2022\/07\/image-52-300x225.png 300w, https:\/\/ngerard.fr\/blog\/wp-content\/uploads\/2022\/07\/image-52-768x577.png 768w, https:\/\/ngerard.fr\/blog\/wp-content\/uploads\/2022\/07\/image-52.png 1335w\" sizes=\"auto, (max-width: 1024px) 100vw, 1024px\" \/><\/figure>\n","protected":false},"excerpt":{"rendered":"<p>Date : Jeudi 2 septembre Je m&rsquo;attendais \u00e0 me r\u00e9veiller avec la vue sur la mer, mais finalement c&rsquo;est encore mieux, j&rsquo;ai le droit au lever du soleil sur une mer de nuages&#8230; Pour ce dernier jour, j&rsquo;ai le droit au plus beau r\u00e9veil de la travers\u00e9e!<\/p>\n","protected":false},"author":1,"featured_media":0,"comment_status":"open","ping_status":"open","sticky":false,"template":"","format":"standard","meta":{"jetpack_post_was_ever_published":false,"_jetpack_newsletter_access":"","_jetpack_dont_email_post_to_subs":false,"_jetpack_newsletter_tier_id":0,"_jetpack_memberships_contains_paywalled_content":false,"_jetpack_memberships_contains_paid_content":false,"footnotes":"","jetpack_publicize_message":"","jetpack_publicize_feature_enabled":true,"jetpack_social_post_already_shared":true,"jetpack_social_options":{"image_generator_settings":{"template":"highway","default_image_id":0,"font":"","enabled":false},"version":2}},"categories":[12],"tags":[15,14,13],"class_list":["post-1190","post","type-post","status-publish","format-standard","hentry","category-haute-route-pyreneenne","tag-hrp","tag-hrp2021","tag-pyrenees","entry"],"jetpack_publicize_connections":[],"jetpack_featured_media_url":"","jetpack_sharing_enabled":true,"jetpack_likes_enabled":false,"_links":{"self":[{"href":"https:\/\/ngerard.fr\/blog\/wp-json\/wp\/v2\/posts\/1190","targetHints":{"allow":["GET"]}}],"collection":[{"href":"https:\/\/ngerard.fr\/blog\/wp-json\/wp\/v2\/posts"}],"about":[{"href":"https:\/\/ngerard.fr\/blog\/wp-json\/wp\/v2\/types\/post"}],"author":[{"embeddable":true,"href":"https:\/\/ngerard.fr\/blog\/wp-json\/wp\/v2\/users\/1"}],"replies":[{"embeddable":true,"href":"https:\/\/ngerard.fr\/blog\/wp-json\/wp\/v2\/comments?post=1190"}],"version-history":[{"count":4,"href":"https:\/\/ngerard.fr\/blog\/wp-json\/wp\/v2\/posts\/1190\/revisions"}],"predecessor-version":[{"id":1396,"href":"https:\/\/ngerard.fr\/blog\/wp-json\/wp\/v2\/posts\/1190\/revisions\/1396"}],"wp:attachment":[{"href":"https:\/\/ngerard.fr\/blog\/wp-json\/wp\/v2\/media?parent=1190"}],"wp:term":[{"taxonomy":"category","embeddable":true,"href":"https:\/\/ngerard.fr\/blog\/wp-json\/wp\/v2\/categories?post=1190"},{"taxonomy":"post_tag","embeddable":true,"href":"https:\/\/ngerard.fr\/blog\/wp-json\/wp\/v2\/tags?post=1190"}],"curies":[{"name":"wp","href":"https:\/\/api.w.org\/{rel}","templated":true}]}}