{"id":144,"date":"2020-07-25T23:55:15","date_gmt":"2020-07-25T21:55:15","guid":{"rendered":"https:\/\/ngerard.fr\/blog\/2020\/07\/25\/jour-8-presset-landry\/"},"modified":"2021-06-07T23:25:17","modified_gmt":"2021-06-07T21:25:17","slug":"jour-8-presset-landry","status":"publish","type":"post","link":"https:\/\/ngerard.fr\/blog\/2020\/07\/25\/jour-8-presset-landry\/","title":{"rendered":"[GTA2020] Jour 8 : Presset &#8211; Landry"},"content":{"rendered":"\n<figure class=\"wp-block-image size-large\"><img loading=\"lazy\" decoding=\"async\" width=\"1024\" height=\"768\" src=\"https:\/\/ngerard.fr\/blog\/wp-content\/uploads\/2020\/07\/IMG_20200725_084408-1-1024x768.jpg\" alt=\"\" class=\"wp-image-145\" srcset=\"https:\/\/ngerard.fr\/blog\/wp-content\/uploads\/2020\/07\/IMG_20200725_084408-1-1024x768.jpg 1024w, https:\/\/ngerard.fr\/blog\/wp-content\/uploads\/2020\/07\/IMG_20200725_084408-1-300x225.jpg 300w, https:\/\/ngerard.fr\/blog\/wp-content\/uploads\/2020\/07\/IMG_20200725_084408-1-768x576.jpg 768w, https:\/\/ngerard.fr\/blog\/wp-content\/uploads\/2020\/07\/IMG_20200725_084408-1-1536x1152.jpg 1536w, https:\/\/ngerard.fr\/blog\/wp-content\/uploads\/2020\/07\/IMG_20200725_084408-1-2048x1536.jpg 2048w\" sizes=\"auto, (max-width: 1024px) 100vw, 1024px\" \/><figcaption>Le Lac de Roselend vu depuis les environs du Col de Bresson<\/figcaption><\/figure>\n\n\n\n<p>Nous partons \u00e0 8h, le soleil est encore derri\u00e8re la montagne mais le temps est beau et il est pr\u00e9vu qu&rsquo;il le reste. Le pliage du tarp tremp\u00e9 \u00e9tant ma passion, c&rsquo;est avec plaisir que je renouvelle l&rsquo;op\u00e9ration ce matin l\u00e0.<\/p>\n\n\n\n<!--more-->\n\n\n\n<figure class=\"wp-block-image size-large\"><img loading=\"lazy\" decoding=\"async\" width=\"2560\" height=\"1920\" src=\"https:\/\/ngerard.fr\/blog\/wp-content\/uploads\/2020\/07\/IMG_20200725_091558-scaled.jpg\" alt=\"\" class=\"wp-image-140\" srcset=\"https:\/\/ngerard.fr\/blog\/wp-content\/uploads\/2020\/07\/IMG_20200725_091558-scaled.jpg 2560w, https:\/\/ngerard.fr\/blog\/wp-content\/uploads\/2020\/07\/IMG_20200725_091558-300x225.jpg 300w, https:\/\/ngerard.fr\/blog\/wp-content\/uploads\/2020\/07\/IMG_20200725_091558-1024x768.jpg 1024w, https:\/\/ngerard.fr\/blog\/wp-content\/uploads\/2020\/07\/IMG_20200725_091558-768x576.jpg 768w, https:\/\/ngerard.fr\/blog\/wp-content\/uploads\/2020\/07\/IMG_20200725_091558-1536x1152.jpg 1536w, https:\/\/ngerard.fr\/blog\/wp-content\/uploads\/2020\/07\/IMG_20200725_091558-2048x1536.jpg 2048w\" sizes=\"auto, (max-width: 2560px) 100vw, 2560px\" \/><figcaption>La Pierra Menta<\/figcaption><\/figure>\n\n\n\n<p>Nous arrivons sous le soleil au Col du Bresson (2469m) \u00e0 9h30. Nous poursuivons ensuite la marche au milieu d&rsquo;une superbe vall\u00e9e, entour\u00e9s de fleurs, de torrents et de marmottes. <\/p>\n\n\n\n<figure class=\"wp-block-video\"><video height=\"1080\" style=\"aspect-ratio: 1920 \/ 1080;\" width=\"1920\" controls src=\"https:\/\/ngerard.fr\/blog\/wp-content\/uploads\/2020\/07\/VID_20200725_1106230.mp4\"><\/video><figcaption>Dans le top 3 des meilleurs chemins <\/figcaption><\/figure>\n\n\n\n<p>Nous arrivons vers 18h \u00e0 Landry, o\u00f9 nous restons pour la nuit dans un h\u00f4tel, car Katherine repart en train demain pour Berlin.<br>Cela va nous permettre de passer une bonne nuit de sommeil apr\u00e8s plusieurs journ\u00e9es tr\u00e8s chaudes et\/ou tr\u00e8s froides, de finir de faire s\u00e9cher les v\u00eatements (et les laver), et de prendre une bonne douche chaude (ou deux).<\/p>\n\n\n\n<figure class=\"wp-block-image size-large\"><img loading=\"lazy\" decoding=\"async\" width=\"2560\" height=\"1920\" src=\"https:\/\/ngerard.fr\/blog\/wp-content\/uploads\/2020\/07\/IMG_20200725_194538-scaled.jpg\" alt=\"\" class=\"wp-image-142\" srcset=\"https:\/\/ngerard.fr\/blog\/wp-content\/uploads\/2020\/07\/IMG_20200725_194538-scaled.jpg 2560w, https:\/\/ngerard.fr\/blog\/wp-content\/uploads\/2020\/07\/IMG_20200725_194538-300x225.jpg 300w, https:\/\/ngerard.fr\/blog\/wp-content\/uploads\/2020\/07\/IMG_20200725_194538-1024x768.jpg 1024w, https:\/\/ngerard.fr\/blog\/wp-content\/uploads\/2020\/07\/IMG_20200725_194538-768x576.jpg 768w, https:\/\/ngerard.fr\/blog\/wp-content\/uploads\/2020\/07\/IMG_20200725_194538-1536x1152.jpg 1536w, https:\/\/ngerard.fr\/blog\/wp-content\/uploads\/2020\/07\/IMG_20200725_194538-2048x1536.jpg 2048w\" sizes=\"auto, (max-width: 2560px) 100vw, 2560px\" \/><figcaption>Baba parmentier<\/figcaption><\/figure>\n\n\n\n<p>Le soir on mange au restaurant Col du Palet, pour ma part un \u00ab\u00a0baba parmentier\u00a0\u00bb, aux patates comme son nom l&rsquo;indique, avec salade, basilic, pesto&#8230; Excellent.<\/p>\n\n\n\n<figure class=\"wp-block-image size-large\"><img loading=\"lazy\" decoding=\"async\" width=\"2560\" height=\"1920\" src=\"https:\/\/ngerard.fr\/blog\/wp-content\/uploads\/2020\/07\/IMG_20200725_234437-scaled.jpg\" alt=\"\" class=\"wp-image-143\" srcset=\"https:\/\/ngerard.fr\/blog\/wp-content\/uploads\/2020\/07\/IMG_20200725_234437-scaled.jpg 2560w, https:\/\/ngerard.fr\/blog\/wp-content\/uploads\/2020\/07\/IMG_20200725_234437-300x225.jpg 300w, https:\/\/ngerard.fr\/blog\/wp-content\/uploads\/2020\/07\/IMG_20200725_234437-1024x768.jpg 1024w, https:\/\/ngerard.fr\/blog\/wp-content\/uploads\/2020\/07\/IMG_20200725_234437-768x576.jpg 768w, https:\/\/ngerard.fr\/blog\/wp-content\/uploads\/2020\/07\/IMG_20200725_234437-1536x1152.jpg 1536w, https:\/\/ngerard.fr\/blog\/wp-content\/uploads\/2020\/07\/IMG_20200725_234437-2048x1536.jpg 2048w\" sizes=\"auto, (max-width: 2560px) 100vw, 2560px\" \/><figcaption>C&rsquo;\u00e9tait certainement une tr\u00e8s jolie chambre d&rsquo;h\u00f4tel&#8230; Avant mon arriv\u00e9e<\/figcaption><\/figure>\n\n\n\n<p>Demain c&rsquo;est grasse mat&rsquo;, d\u00e9part de l&rsquo;h\u00f4tel pr\u00e9vu \u00e0 11h. Les prochaines journ\u00e9es devraient \u00eatre de grosses \u00e9tapes, si tout se passe bien. (direction la Vanoise) <\/p>\n\n\n\n<p>Bilan de la journ\u00e9e : 22.5km, une douche chaude, des v\u00eatements propres, un bon repas<\/p>\n","protected":false},"excerpt":{"rendered":"<p>Nous partons \u00e0 8h, le soleil est encore derri\u00e8re la montagne mais le temps est beau et il est pr\u00e9vu qu&rsquo;il le reste. Le pliage du tarp tremp\u00e9 \u00e9tant ma passion, c&rsquo;est avec plaisir que je renouvelle l&rsquo;op\u00e9ration ce matin l\u00e0.<\/p>\n","protected":false},"author":1,"featured_media":0,"comment_status":"open","ping_status":"open","sticky":false,"template":"","format":"standard","meta":{"jetpack_post_was_ever_published":false,"_jetpack_newsletter_access":"","_jetpack_dont_email_post_to_subs":false,"_jetpack_newsletter_tier_id":0,"_jetpack_memberships_contains_paywalled_content":false,"_jetpack_memberships_contains_paid_content":false,"footnotes":"","jetpack_publicize_message":"","jetpack_publicize_feature_enabled":true,"jetpack_social_post_already_shared":true,"jetpack_social_options":{"image_generator_settings":{"template":"highway","default_image_id":0,"font":"","enabled":false},"version":2}},"categories":[4],"tags":[6,7,8],"class_list":["post-144","post","type-post","status-publish","format-standard","hentry","category-grande-traversee-des-alpes","tag-alpes","tag-gta","tag-gta2020","entry"],"jetpack_publicize_connections":[],"jetpack_featured_media_url":"","jetpack_sharing_enabled":true,"jetpack_likes_enabled":false,"_links":{"self":[{"href":"https:\/\/ngerard.fr\/blog\/wp-json\/wp\/v2\/posts\/144","targetHints":{"allow":["GET"]}}],"collection":[{"href":"https:\/\/ngerard.fr\/blog\/wp-json\/wp\/v2\/posts"}],"about":[{"href":"https:\/\/ngerard.fr\/blog\/wp-json\/wp\/v2\/types\/post"}],"author":[{"embeddable":true,"href":"https:\/\/ngerard.fr\/blog\/wp-json\/wp\/v2\/users\/1"}],"replies":[{"embeddable":true,"href":"https:\/\/ngerard.fr\/blog\/wp-json\/wp\/v2\/comments?post=144"}],"version-history":[{"count":3,"href":"https:\/\/ngerard.fr\/blog\/wp-json\/wp\/v2\/posts\/144\/revisions"}],"predecessor-version":[{"id":615,"href":"https:\/\/ngerard.fr\/blog\/wp-json\/wp\/v2\/posts\/144\/revisions\/615"}],"wp:attachment":[{"href":"https:\/\/ngerard.fr\/blog\/wp-json\/wp\/v2\/media?parent=144"}],"wp:term":[{"taxonomy":"category","embeddable":true,"href":"https:\/\/ngerard.fr\/blog\/wp-json\/wp\/v2\/categories?post=144"},{"taxonomy":"post_tag","embeddable":true,"href":"https:\/\/ngerard.fr\/blog\/wp-json\/wp\/v2\/tags?post=144"}],"curies":[{"name":"wp","href":"https:\/\/api.w.org\/{rel}","templated":true}]}}