{"id":151,"date":"2020-07-28T07:30:32","date_gmt":"2020-07-28T05:30:32","guid":{"rendered":"https:\/\/ngerard.fr\/blog\/?p=151"},"modified":"2021-06-07T23:25:17","modified_gmt":"2021-06-07T21:25:17","slug":"jour-9-landry-refuge-entre-le-lac","status":"publish","type":"post","link":"https:\/\/ngerard.fr\/blog\/2020\/07\/28\/jour-9-landry-refuge-entre-le-lac\/","title":{"rendered":"[GTA2020] Jour 9 : Landry &#8211; Refuge Entre le Lac"},"content":{"rendered":"\n<figure class=\"wp-block-image size-large\"><img loading=\"lazy\" decoding=\"async\" width=\"768\" height=\"1024\" src=\"https:\/\/ngerard.fr\/blog\/wp-content\/uploads\/2020\/07\/img_20200726_1157382715703910071935449-768x1024.jpg\" alt=\"\" class=\"wp-image-152\" srcset=\"https:\/\/ngerard.fr\/blog\/wp-content\/uploads\/2020\/07\/img_20200726_1157382715703910071935449-768x1024.jpg 768w, https:\/\/ngerard.fr\/blog\/wp-content\/uploads\/2020\/07\/img_20200726_1157382715703910071935449-225x300.jpg 225w, https:\/\/ngerard.fr\/blog\/wp-content\/uploads\/2020\/07\/img_20200726_1157382715703910071935449-1152x1536.jpg 1152w, https:\/\/ngerard.fr\/blog\/wp-content\/uploads\/2020\/07\/img_20200726_1157382715703910071935449-1536x2048.jpg 1536w, https:\/\/ngerard.fr\/blog\/wp-content\/uploads\/2020\/07\/img_20200726_1157382715703910071935449-scaled.jpg 1920w\" sizes=\"auto, (max-width: 768px) 100vw, 768px\" \/><figcaption>Et si on dormait l\u00e0 ce soir ?<\/figcaption><\/figure>\n\n\n\n<p>Apr\u00e8s avoir rang\u00e9 toutes les affaires \u00e9tal\u00e9es dans la chambre d&rsquo;h\u00f4tel, d\u00e9sormais bien s\u00e8ches, et apr\u00e8s un ravitaillement \u00e0 Landry (du pain d&rsquo;\u00e9pices, une tablette de chocolat et 2 croissants), nous nous dirigeons vers le Parc de la Vanoise.<\/p>\n\n\n\n<!--more-->\n\n\n\n<figure class=\"wp-block-image size-large\"><img loading=\"lazy\" decoding=\"async\" width=\"2560\" height=\"1920\" src=\"https:\/\/ngerard.fr\/blog\/wp-content\/uploads\/2020\/07\/IMG_20200726_153304_1-scaled.jpg\" alt=\"\" class=\"wp-image-153\" srcset=\"https:\/\/ngerard.fr\/blog\/wp-content\/uploads\/2020\/07\/IMG_20200726_153304_1-scaled.jpg 2560w, https:\/\/ngerard.fr\/blog\/wp-content\/uploads\/2020\/07\/IMG_20200726_153304_1-300x225.jpg 300w, https:\/\/ngerard.fr\/blog\/wp-content\/uploads\/2020\/07\/IMG_20200726_153304_1-1024x768.jpg 1024w, https:\/\/ngerard.fr\/blog\/wp-content\/uploads\/2020\/07\/IMG_20200726_153304_1-768x576.jpg 768w, https:\/\/ngerard.fr\/blog\/wp-content\/uploads\/2020\/07\/IMG_20200726_153304_1-1536x1152.jpg 1536w, https:\/\/ngerard.fr\/blog\/wp-content\/uploads\/2020\/07\/IMG_20200726_153304_1-2048x1536.jpg 2048w\" sizes=\"auto, (max-width: 2560px) 100vw, 2560px\" \/><\/figure>\n\n\n\n<p>Il fait tr\u00e8s beau (mais avec beaucoup de passages \u00e0 l&rsquo;ombre), et nous avons de toute fa\u00e7on d\u00e9cid\u00e9 de ne plus nous plaindre de la chaleur suite \u00e0 la derni\u00e8re journ\u00e9e de pluie.<\/p>\n\n\n\n<figure class=\"wp-block-image size-large\"><img loading=\"lazy\" decoding=\"async\" width=\"768\" height=\"1024\" src=\"https:\/\/ngerard.fr\/blog\/wp-content\/uploads\/2020\/07\/img_20200726_1400241000196137383100485-768x1024.jpg\" alt=\"\" class=\"wp-image-154\" srcset=\"https:\/\/ngerard.fr\/blog\/wp-content\/uploads\/2020\/07\/img_20200726_1400241000196137383100485-768x1024.jpg 768w, https:\/\/ngerard.fr\/blog\/wp-content\/uploads\/2020\/07\/img_20200726_1400241000196137383100485-225x300.jpg 225w, https:\/\/ngerard.fr\/blog\/wp-content\/uploads\/2020\/07\/img_20200726_1400241000196137383100485-1152x1536.jpg 1152w, https:\/\/ngerard.fr\/blog\/wp-content\/uploads\/2020\/07\/img_20200726_1400241000196137383100485-1536x2048.jpg 1536w, https:\/\/ngerard.fr\/blog\/wp-content\/uploads\/2020\/07\/img_20200726_1400241000196137383100485-scaled.jpg 1920w\" sizes=\"auto, (max-width: 768px) 100vw, 768px\" \/><figcaption>Peisey Nancroix<\/figcaption><\/figure>\n\n\n\n<p>Nous passons par le joli village de Peisey-Nancroix o\u00f9 nous faisons une pause dans un restaurant, caf\u00e9 et frites pour moi, glaces pour Juno et Bastian, puis nous longeons un torrent, le Ponturin, dans une vall\u00e9e bord\u00e9e de cascades.<\/p>\n\n\n\n<figure class=\"wp-block-image size-large\"><img loading=\"lazy\" decoding=\"async\" width=\"1024\" height=\"768\" src=\"https:\/\/ngerard.fr\/blog\/wp-content\/uploads\/2020\/07\/IMG_20200726_162034-1024x768.jpg\" alt=\"\" class=\"wp-image-155\" srcset=\"https:\/\/ngerard.fr\/blog\/wp-content\/uploads\/2020\/07\/IMG_20200726_162034-1024x768.jpg 1024w, https:\/\/ngerard.fr\/blog\/wp-content\/uploads\/2020\/07\/IMG_20200726_162034-300x225.jpg 300w, https:\/\/ngerard.fr\/blog\/wp-content\/uploads\/2020\/07\/IMG_20200726_162034-768x576.jpg 768w, https:\/\/ngerard.fr\/blog\/wp-content\/uploads\/2020\/07\/IMG_20200726_162034-1536x1152.jpg 1536w, https:\/\/ngerard.fr\/blog\/wp-content\/uploads\/2020\/07\/IMG_20200726_162034-2048x1536.jpg 2048w\" sizes=\"auto, (max-width: 1024px) 100vw, 1024px\" \/><\/figure>\n\n\n\n<p>Nous arrivons finalement au Lac de la Plagne vers 18h, et nous nous arr\u00eatons pour bivouaquer \u00e0 c\u00f4t\u00e9 du Refuge Entre le Lac, sur des emplacements pr\u00e9vus expr\u00e8s, le camping\/bivouac \u00e9tant interdit dans le Parc de la Vanoise.<\/p>\n\n\n\n<figure class=\"wp-block-image size-large\"><img loading=\"lazy\" decoding=\"async\" width=\"1024\" height=\"768\" src=\"https:\/\/ngerard.fr\/blog\/wp-content\/uploads\/2020\/07\/IMG_20200726_203144-1024x768.jpg\" alt=\"\" class=\"wp-image-156\" srcset=\"https:\/\/ngerard.fr\/blog\/wp-content\/uploads\/2020\/07\/IMG_20200726_203144-1024x768.jpg 1024w, https:\/\/ngerard.fr\/blog\/wp-content\/uploads\/2020\/07\/IMG_20200726_203144-300x225.jpg 300w, https:\/\/ngerard.fr\/blog\/wp-content\/uploads\/2020\/07\/IMG_20200726_203144-768x576.jpg 768w, https:\/\/ngerard.fr\/blog\/wp-content\/uploads\/2020\/07\/IMG_20200726_203144-1536x1152.jpg 1536w, https:\/\/ngerard.fr\/blog\/wp-content\/uploads\/2020\/07\/IMG_20200726_203144-2048x1536.jpg 2048w\" sizes=\"auto, (max-width: 1024px) 100vw, 1024px\" \/><figcaption>Bivouac 4 \u00e9toiles <\/figcaption><\/figure>\n\n\n\n<p>Le froid arrive assez vite dans la soir\u00e9e (nous sommes \u00e0 2150m d&rsquo;altitude), et apr\u00e8s avoir mang\u00e9 dehors sur les tables du refuge, je commande un chocolat chaud pour accompagner mon croissant au chocolat, ou chocolassant (chocolassantine ?), le d\u00e9bat est lanc\u00e9.<\/p>\n\n\n\n<figure class=\"wp-block-image size-large\"><img loading=\"lazy\" decoding=\"async\" width=\"1024\" height=\"768\" src=\"https:\/\/ngerard.fr\/blog\/wp-content\/uploads\/2020\/07\/IMG_20200726_193057-1024x768.jpg\" alt=\"\" class=\"wp-image-157\" srcset=\"https:\/\/ngerard.fr\/blog\/wp-content\/uploads\/2020\/07\/IMG_20200726_193057-1024x768.jpg 1024w, https:\/\/ngerard.fr\/blog\/wp-content\/uploads\/2020\/07\/IMG_20200726_193057-300x225.jpg 300w, https:\/\/ngerard.fr\/blog\/wp-content\/uploads\/2020\/07\/IMG_20200726_193057-768x576.jpg 768w, https:\/\/ngerard.fr\/blog\/wp-content\/uploads\/2020\/07\/IMG_20200726_193057-1536x1152.jpg 1536w, https:\/\/ngerard.fr\/blog\/wp-content\/uploads\/2020\/07\/IMG_20200726_193057-2048x1536.jpg 2048w\" sizes=\"auto, (max-width: 1024px) 100vw, 1024px\" \/><figcaption>Le petit-d\u00e9jeuner du soir<\/figcaption><\/figure>\n\n\n\n<figure class=\"wp-block-video\"><video height=\"1080\" style=\"aspect-ratio: 1920 \/ 1080;\" width=\"1920\" controls src=\"https:\/\/ngerard.fr\/blog\/wp-content\/uploads\/2020\/07\/VID_20200726_2103380.mp4\"><\/video><figcaption>C&rsquo;est pas si moche<\/figcaption><\/figure>\n\n\n\n<p>Bilan de la journ\u00e9e : 19km, environ 1400m de d\u00e9nivel\u00e9 positif<br>Cumul\u00e9 : environ 217km<\/p>\n","protected":false},"excerpt":{"rendered":"<p>Apr\u00e8s avoir rang\u00e9 toutes les affaires \u00e9tal\u00e9es dans la chambre d&rsquo;h\u00f4tel, d\u00e9sormais bien s\u00e8ches, et apr\u00e8s un ravitaillement \u00e0 Landry (du pain d&rsquo;\u00e9pices, une tablette de chocolat et 2 croissants), nous nous dirigeons vers le Parc de la Vanoise.<\/p>\n","protected":false},"author":1,"featured_media":0,"comment_status":"open","ping_status":"open","sticky":false,"template":"","format":"standard","meta":{"jetpack_post_was_ever_published":false,"_jetpack_newsletter_access":"","_jetpack_dont_email_post_to_subs":false,"_jetpack_newsletter_tier_id":0,"_jetpack_memberships_contains_paywalled_content":false,"_jetpack_memberships_contains_paid_content":false,"footnotes":"","jetpack_publicize_message":"","jetpack_publicize_feature_enabled":true,"jetpack_social_post_already_shared":true,"jetpack_social_options":{"image_generator_settings":{"template":"highway","default_image_id":0,"font":"","enabled":false},"version":2}},"categories":[4],"tags":[6,7,8],"class_list":["post-151","post","type-post","status-publish","format-standard","hentry","category-grande-traversee-des-alpes","tag-alpes","tag-gta","tag-gta2020","entry"],"jetpack_publicize_connections":[],"jetpack_featured_media_url":"","jetpack_sharing_enabled":true,"jetpack_likes_enabled":false,"_links":{"self":[{"href":"https:\/\/ngerard.fr\/blog\/wp-json\/wp\/v2\/posts\/151","targetHints":{"allow":["GET"]}}],"collection":[{"href":"https:\/\/ngerard.fr\/blog\/wp-json\/wp\/v2\/posts"}],"about":[{"href":"https:\/\/ngerard.fr\/blog\/wp-json\/wp\/v2\/types\/post"}],"author":[{"embeddable":true,"href":"https:\/\/ngerard.fr\/blog\/wp-json\/wp\/v2\/users\/1"}],"replies":[{"embeddable":true,"href":"https:\/\/ngerard.fr\/blog\/wp-json\/wp\/v2\/comments?post=151"}],"version-history":[{"count":3,"href":"https:\/\/ngerard.fr\/blog\/wp-json\/wp\/v2\/posts\/151\/revisions"}],"predecessor-version":[{"id":614,"href":"https:\/\/ngerard.fr\/blog\/wp-json\/wp\/v2\/posts\/151\/revisions\/614"}],"wp:attachment":[{"href":"https:\/\/ngerard.fr\/blog\/wp-json\/wp\/v2\/media?parent=151"}],"wp:term":[{"taxonomy":"category","embeddable":true,"href":"https:\/\/ngerard.fr\/blog\/wp-json\/wp\/v2\/categories?post=151"},{"taxonomy":"post_tag","embeddable":true,"href":"https:\/\/ngerard.fr\/blog\/wp-json\/wp\/v2\/tags?post=151"}],"curies":[{"name":"wp","href":"https:\/\/api.w.org\/{rel}","templated":true}]}}