{"id":2044,"date":"2024-07-27T17:00:24","date_gmt":"2024-07-27T15:00:24","guid":{"rendered":"https:\/\/ngerard.fr\/blog\/?p=2044"},"modified":"2024-07-26T17:03:35","modified_gmt":"2024-07-26T15:03:35","slug":"ta2024-jour-6-mont-buet-vesevey","status":"publish","type":"post","link":"https:\/\/ngerard.fr\/blog\/2024\/07\/27\/ta2024-jour-6-mont-buet-vesevey\/","title":{"rendered":"[TA2024] Jour 6 : Mont Buet &#8211; V\u00e9sevey"},"content":{"rendered":"\n<p>Date : vendredi 19 juillet 2024<\/p>\n\n\n\n<p>Je suis r\u00e9veill\u00e9 par le lever de soleil, c&rsquo;est-\u00e0-dire relativement t\u00f4t. Il fait toujours aussi froid, avec toujours ce m\u00eame vent glacial que la veille. Je n&rsquo;ai pas tellement envie de sortir de mon duvet&#8230;<\/p>\n\n\n\n<figure class=\"wp-block-image size-large\"><img loading=\"lazy\" decoding=\"async\" width=\"1024\" height=\"768\" src=\"https:\/\/ngerard.fr\/blog\/wp-content\/uploads\/2024\/07\/10000225235784584584775177605-1024x768.jpg\" alt=\"\" class=\"wp-image-2099\" srcset=\"https:\/\/ngerard.fr\/blog\/wp-content\/uploads\/2024\/07\/10000225235784584584775177605-1024x768.jpg 1024w, https:\/\/ngerard.fr\/blog\/wp-content\/uploads\/2024\/07\/10000225235784584584775177605-300x225.jpg 300w, https:\/\/ngerard.fr\/blog\/wp-content\/uploads\/2024\/07\/10000225235784584584775177605-768x576.jpg 768w, https:\/\/ngerard.fr\/blog\/wp-content\/uploads\/2024\/07\/10000225235784584584775177605-1536x1152.jpg 1536w, https:\/\/ngerard.fr\/blog\/wp-content\/uploads\/2024\/07\/10000225235784584584775177605-1568x1176.jpg 1568w, https:\/\/ngerard.fr\/blog\/wp-content\/uploads\/2024\/07\/10000225235784584584775177605.jpg 2000w\" sizes=\"auto, (max-width: 1024px) 100vw, 1024px\" \/><\/figure>\n\n\n\n<!--more-->\n\n\n\n<figure class=\"wp-block-image\"><img loading=\"lazy\" decoding=\"async\" width=\"1024\" height=\"768\" src=\"https:\/\/ngerard.fr\/blog\/wp-content\/uploads\/2024\/07\/10000225241781770133390344474-1024x768.jpg\" alt=\"\" class=\"wp-image-2101\" srcset=\"https:\/\/ngerard.fr\/blog\/wp-content\/uploads\/2024\/07\/10000225241781770133390344474-1024x768.jpg 1024w, https:\/\/ngerard.fr\/blog\/wp-content\/uploads\/2024\/07\/10000225241781770133390344474-300x225.jpg 300w, https:\/\/ngerard.fr\/blog\/wp-content\/uploads\/2024\/07\/10000225241781770133390344474-768x576.jpg 768w, https:\/\/ngerard.fr\/blog\/wp-content\/uploads\/2024\/07\/10000225241781770133390344474-1536x1152.jpg 1536w, https:\/\/ngerard.fr\/blog\/wp-content\/uploads\/2024\/07\/10000225241781770133390344474-1568x1176.jpg 1568w, https:\/\/ngerard.fr\/blog\/wp-content\/uploads\/2024\/07\/10000225241781770133390344474.jpg 2000w\" sizes=\"auto, (max-width: 1024px) 100vw, 1024px\" \/><\/figure>\n\n\n\n<p>Un groupe d&rsquo;une quinzaine de jeunes vient d&rsquo;arriver, c&rsquo;est le signe qu&rsquo;il faut que je me bouge avant que la foule s&rsquo;amasse sur le sommet.<\/p>\n\n\n\n<figure class=\"wp-block-image\"><img loading=\"lazy\" decoding=\"async\" width=\"1024\" height=\"768\" src=\"https:\/\/ngerard.fr\/blog\/wp-content\/uploads\/2024\/07\/10000225251889127448221105240-1024x768.jpg\" alt=\"\" class=\"wp-image-2100\" srcset=\"https:\/\/ngerard.fr\/blog\/wp-content\/uploads\/2024\/07\/10000225251889127448221105240-1024x768.jpg 1024w, https:\/\/ngerard.fr\/blog\/wp-content\/uploads\/2024\/07\/10000225251889127448221105240-300x225.jpg 300w, https:\/\/ngerard.fr\/blog\/wp-content\/uploads\/2024\/07\/10000225251889127448221105240-768x576.jpg 768w, https:\/\/ngerard.fr\/blog\/wp-content\/uploads\/2024\/07\/10000225251889127448221105240-1536x1152.jpg 1536w, https:\/\/ngerard.fr\/blog\/wp-content\/uploads\/2024\/07\/10000225251889127448221105240-1568x1176.jpg 1568w, https:\/\/ngerard.fr\/blog\/wp-content\/uploads\/2024\/07\/10000225251889127448221105240.jpg 2000w\" sizes=\"auto, (max-width: 1024px) 100vw, 1024px\" \/><\/figure>\n\n\n\n<p>Pas de petit-d\u00e9jeuner, si tout se passe bien je serai au refuge de la Pierre \u00e0 B\u00e9rard d&rsquo;ici peu, et il n y a que de la descente pour y arriver.<\/p>\n\n\n\n<p>Je garde mes v\u00eatements chauds pour l&rsquo;instant, et je d\u00e9colle vers 7h.&nbsp;<\/p>\n\n\n\n<p>Je repasse en tenue d&rsquo;\u00e9t\u00e9 \u00e0 la mi-descente, une fois que le soleil commence \u00e0 bien faire son travail.<\/p>\n\n\n\n<figure class=\"wp-block-image\"><img loading=\"lazy\" decoding=\"async\" width=\"1024\" height=\"768\" src=\"https:\/\/ngerard.fr\/blog\/wp-content\/uploads\/2024\/07\/10000225264389305711041094422-1024x768.jpg\" alt=\"\" class=\"wp-image-2102\" srcset=\"https:\/\/ngerard.fr\/blog\/wp-content\/uploads\/2024\/07\/10000225264389305711041094422-1024x768.jpg 1024w, https:\/\/ngerard.fr\/blog\/wp-content\/uploads\/2024\/07\/10000225264389305711041094422-300x225.jpg 300w, https:\/\/ngerard.fr\/blog\/wp-content\/uploads\/2024\/07\/10000225264389305711041094422-768x576.jpg 768w, https:\/\/ngerard.fr\/blog\/wp-content\/uploads\/2024\/07\/10000225264389305711041094422-1536x1152.jpg 1536w, https:\/\/ngerard.fr\/blog\/wp-content\/uploads\/2024\/07\/10000225264389305711041094422-1568x1176.jpg 1568w, https:\/\/ngerard.fr\/blog\/wp-content\/uploads\/2024\/07\/10000225264389305711041094422.jpg 2000w\" sizes=\"auto, (max-width: 1024px) 100vw, 1024px\" \/><\/figure>\n\n\n\n<p>Il y a pas mal de neige dans la descente, ce n&rsquo;est pas tr\u00e8s dangereux, mais je chausse tout de m\u00eame les crampons pour les rentabiliser.&nbsp;<\/p>\n\n\n\n<figure class=\"wp-block-image size-large\"><img loading=\"lazy\" decoding=\"async\" width=\"1024\" height=\"768\" src=\"https:\/\/ngerard.fr\/blog\/wp-content\/uploads\/2024\/07\/10000225276804667264189151578-1024x768.jpg\" alt=\"\" class=\"wp-image-2105\" srcset=\"https:\/\/ngerard.fr\/blog\/wp-content\/uploads\/2024\/07\/10000225276804667264189151578-1024x768.jpg 1024w, https:\/\/ngerard.fr\/blog\/wp-content\/uploads\/2024\/07\/10000225276804667264189151578-300x225.jpg 300w, https:\/\/ngerard.fr\/blog\/wp-content\/uploads\/2024\/07\/10000225276804667264189151578-768x576.jpg 768w, https:\/\/ngerard.fr\/blog\/wp-content\/uploads\/2024\/07\/10000225276804667264189151578-1536x1152.jpg 1536w, https:\/\/ngerard.fr\/blog\/wp-content\/uploads\/2024\/07\/10000225276804667264189151578-1568x1176.jpg 1568w, https:\/\/ngerard.fr\/blog\/wp-content\/uploads\/2024\/07\/10000225276804667264189151578.jpg 2000w\" sizes=\"auto, (max-width: 1024px) 100vw, 1024px\" \/><\/figure>\n\n\n\n<p>Je fais une petite d\u00e9viation pour admirer la vue depuis le Col de Salenton, puis j&rsquo;arrive peu avant 9h30 au refuge.<\/p>\n\n\n\n<p>Un peu tard pour un petit-d\u00e9jeuner, je prends une part de tarte aux myrtilles et un caf\u00e9.&nbsp;<\/p>\n\n\n\n<figure class=\"wp-block-image\"><img loading=\"lazy\" decoding=\"async\" width=\"768\" height=\"1024\" src=\"https:\/\/ngerard.fr\/blog\/wp-content\/uploads\/2024\/07\/10000225286417960124053037490-768x1024.jpg\" alt=\"\" class=\"wp-image-2104\" srcset=\"https:\/\/ngerard.fr\/blog\/wp-content\/uploads\/2024\/07\/10000225286417960124053037490-768x1024.jpg 768w, https:\/\/ngerard.fr\/blog\/wp-content\/uploads\/2024\/07\/10000225286417960124053037490-225x300.jpg 225w, https:\/\/ngerard.fr\/blog\/wp-content\/uploads\/2024\/07\/10000225286417960124053037490-1152x1536.jpg 1152w, https:\/\/ngerard.fr\/blog\/wp-content\/uploads\/2024\/07\/10000225286417960124053037490.jpg 1500w\" sizes=\"auto, (max-width: 768px) 100vw, 768px\" \/><\/figure>\n\n\n\n<p>Je transmets \u00e9galement les gros bisous de la part du Refuge du Grenairon, le gardien me remercie et me dit qu&rsquo;il vient d&rsquo;envoyer quelqu&rsquo;un au Grenairon avec le m\u00eame message. Je me demande donc combien de \u00ab\u00a0gros bisous\u00a0\u00bb sont \u00e9chang\u00e9s ainsi chaque jour. C&rsquo;est beau cette entente entre refuges !&nbsp;<\/p>\n\n\n\n<p>Je repars 30 minutes plus tard, toujours en descente, direction Vallorcine pour le ravitaillement.<\/p>\n\n\n\n<p>Je fais une petite \u00ab\u00a0pause culture\u00a0\u00bb pour visiter une grotte qui est sur mon chemin, la \u00ab\u00a0Grotte \u00e0 Farinet\u00a0\u00bb. Farinet \u00e9tait un (tr\u00e8s bon) faussaire, il fabriquait de fausses pi\u00e8ces de monnaie dans les ann\u00e9es 1860-1880. Recherch\u00e9 par la police, il se r\u00e9fugie dans cette grotte pendant quelques temps.&nbsp;<\/p>\n\n\n\n<p>Je ressors dans la chaleur, et plus bas le chemin laisse place \u00e0 la route, en plein soleil, ce n&rsquo;est pas la portion la plus agr\u00e9able&#8230;&nbsp;<\/p>\n\n\n\n<p>J&rsquo;arrive enfin \u00e0 Vallorcine et au salon de th\u00e9, qui fait \u00e9galement mini \u00e9picerie \/ boulangerie. Je reprends du saucisson, du pain et un donut chocolat. La g\u00e9rante, tr\u00e8s sympa, me dit qu&rsquo;elle me fait un donut achet\u00e9, un offert, car c&rsquo;est l&rsquo;heure de la fermeture. J&rsquo;h\u00e9site donc \u00e0 prendre 10 donuts, pour en avoir 20, mais je reste raisonnable.<\/p>\n\n\n\n<p>Je vais ensuite en qu\u00eate d&rsquo;un restaurant, il n y a pas \u00e9norm\u00e9ment de choix \u00e0 proximit\u00e9, et je ne veux pas \u00e9carter du trajet.&nbsp;<\/p>\n\n\n\n<p>Je m&rsquo;arr\u00eate au Caf\u00e9 du Comptoir vers 12h30, o\u00f9 je demande s&rsquo;il est propos\u00e9 un plat l\u00e9ger, n&rsquo;ayant pas envie de partir sur un burger par cette chaleur&#8230;&nbsp;<\/p>\n\n\n\n<p>Je pars sur une salade tomates \/ burrata, puis en dessert un Parfait mascarpone p\u00eache. Pendant ce temps-l\u00e0, je mets le t\u00e9l\u00e9phone \u00e0 charger.<\/p>\n\n\n\n<figure class=\"wp-block-image size-large\"><img loading=\"lazy\" decoding=\"async\" width=\"768\" height=\"1024\" src=\"https:\/\/ngerard.fr\/blog\/wp-content\/uploads\/2024\/07\/10000225293607320057948839559-768x1024.jpg\" alt=\"\" class=\"wp-image-2103\" srcset=\"https:\/\/ngerard.fr\/blog\/wp-content\/uploads\/2024\/07\/10000225293607320057948839559-768x1024.jpg 768w, https:\/\/ngerard.fr\/blog\/wp-content\/uploads\/2024\/07\/10000225293607320057948839559-225x300.jpg 225w, https:\/\/ngerard.fr\/blog\/wp-content\/uploads\/2024\/07\/10000225293607320057948839559-1152x1536.jpg 1152w, https:\/\/ngerard.fr\/blog\/wp-content\/uploads\/2024\/07\/10000225293607320057948839559.jpg 1500w\" sizes=\"auto, (max-width: 768px) 100vw, 768px\" \/><\/figure>\n\n\n\n<p>2h plus tard, je repars, et je me d\u00e9p\u00eache pour essayer de finir la mont\u00e9e avant l&rsquo;arriv\u00e9e de la pluie.<\/p>\n\n\n\n<p>Malgr\u00e9 quelques gouttes sur le trajet, mon calcul \u00e9tait plut\u00f4t bon, la pluie s&rsquo;accentuant pile \u00e0 mon arriv\u00e9e \u00e0 16h30 au Refuge du Col de Balme, soit \u00e0 la fin de la mont\u00e9e.<\/p>\n\n\n\n<figure class=\"wp-block-image size-large\"><img loading=\"lazy\" decoding=\"async\" width=\"1024\" height=\"768\" src=\"https:\/\/ngerard.fr\/blog\/wp-content\/uploads\/2024\/07\/10000225305242866308719404310-1024x768.jpg\" alt=\"\" class=\"wp-image-2106\" srcset=\"https:\/\/ngerard.fr\/blog\/wp-content\/uploads\/2024\/07\/10000225305242866308719404310-1024x768.jpg 1024w, https:\/\/ngerard.fr\/blog\/wp-content\/uploads\/2024\/07\/10000225305242866308719404310-300x225.jpg 300w, https:\/\/ngerard.fr\/blog\/wp-content\/uploads\/2024\/07\/10000225305242866308719404310-768x576.jpg 768w, https:\/\/ngerard.fr\/blog\/wp-content\/uploads\/2024\/07\/10000225305242866308719404310-1536x1152.jpg 1536w, https:\/\/ngerard.fr\/blog\/wp-content\/uploads\/2024\/07\/10000225305242866308719404310-1568x1176.jpg 1568w, https:\/\/ngerard.fr\/blog\/wp-content\/uploads\/2024\/07\/10000225305242866308719404310.jpg 2000w\" sizes=\"auto, (max-width: 1024px) 100vw, 1024px\" \/><\/figure>\n\n\n\n<p>Je me prot\u00e8ge au bord d&rsquo;un mur du refuge et j&rsquo;attends un peu de voir si la m\u00e9t\u00e9o se stabilise.<\/p>\n\n\n\n<p>Peu de temps apr\u00e8s, c&rsquo;est plus calme, je repars vers la Vall\u00e9e du Trient.&nbsp;<\/p>\n\n\n\n<figure class=\"wp-block-image size-large\"><img loading=\"lazy\" decoding=\"async\" width=\"1024\" height=\"768\" src=\"https:\/\/ngerard.fr\/blog\/wp-content\/uploads\/2024\/07\/10000225318116193525298197825-1024x768.jpg\" alt=\"\" class=\"wp-image-2109\" srcset=\"https:\/\/ngerard.fr\/blog\/wp-content\/uploads\/2024\/07\/10000225318116193525298197825-1024x768.jpg 1024w, https:\/\/ngerard.fr\/blog\/wp-content\/uploads\/2024\/07\/10000225318116193525298197825-300x225.jpg 300w, https:\/\/ngerard.fr\/blog\/wp-content\/uploads\/2024\/07\/10000225318116193525298197825-768x576.jpg 768w, https:\/\/ngerard.fr\/blog\/wp-content\/uploads\/2024\/07\/10000225318116193525298197825-1536x1152.jpg 1536w, https:\/\/ngerard.fr\/blog\/wp-content\/uploads\/2024\/07\/10000225318116193525298197825-1568x1176.jpg 1568w, https:\/\/ngerard.fr\/blog\/wp-content\/uploads\/2024\/07\/10000225318116193525298197825.jpg 2000w\" sizes=\"auto, (max-width: 1024px) 100vw, 1024px\" \/><\/figure>\n\n\n\n<p>Apr\u00e8s une bonne descente, je traverse le torrent du Trient, puis j&rsquo;h\u00e9site, incertain de la m\u00e9t\u00e9o et au vu de l&rsquo;heure tardive, puis je poursuis dans la mont\u00e9e dans l&rsquo;id\u00e9e de bivouaquer \u00e0 V\u00e9sevey, o\u00f9 se trouvent quelques ruines, avant la Fen\u00eatre d&rsquo;Arpette (col \u00e0 2665m d&rsquo;altitude)<\/p>\n\n\n\n<figure class=\"wp-block-image size-large\"><img loading=\"lazy\" decoding=\"async\" width=\"1024\" height=\"768\" src=\"https:\/\/ngerard.fr\/blog\/wp-content\/uploads\/2024\/07\/10000225325282276814381213026-1024x768.jpg\" alt=\"\" class=\"wp-image-2108\" srcset=\"https:\/\/ngerard.fr\/blog\/wp-content\/uploads\/2024\/07\/10000225325282276814381213026-1024x768.jpg 1024w, https:\/\/ngerard.fr\/blog\/wp-content\/uploads\/2024\/07\/10000225325282276814381213026-300x225.jpg 300w, https:\/\/ngerard.fr\/blog\/wp-content\/uploads\/2024\/07\/10000225325282276814381213026-768x576.jpg 768w, https:\/\/ngerard.fr\/blog\/wp-content\/uploads\/2024\/07\/10000225325282276814381213026-1536x1152.jpg 1536w, https:\/\/ngerard.fr\/blog\/wp-content\/uploads\/2024\/07\/10000225325282276814381213026-1568x1176.jpg 1568w, https:\/\/ngerard.fr\/blog\/wp-content\/uploads\/2024\/07\/10000225325282276814381213026.jpg 2000w\" sizes=\"auto, (max-width: 1024px) 100vw, 1024px\" \/><\/figure>\n\n\n\n<p>Dans la mont\u00e9e, je croise un jeune anglais qui descend, il me demande o\u00f9 je vais bivouaquer. Il me dit qu&rsquo;ils sont un groupe de 4 et que je vais croiser ses amis.&nbsp;<\/p>\n\n\n\n<p>Effectivement, peu de temps apr\u00e8s, je croise une jeune fille qui me pose \u00e0 peu pr\u00e8s la m\u00eame question. Nous discutons de nouveau quelques minutes puis je poursuis, jusqu&rsquo;\u00e0 croiser les 2 derniers membres du groupe. Je dis \u00ab\u00a0hello\u00a0\u00bb pensant qu&rsquo;ils sont tous anglais, mais j&rsquo;apprends gr\u00e2ce \u00e0 Diego, Strasbourgeois, que la fille que j&rsquo;ai crois\u00e9 et avec qui j&rsquo;ai discut\u00e9 pr\u00e9c\u00e9demment, en anglais&#8230; est en fait fran\u00e7aise \u00e9galement. Ils font le Tour du Mont Blanc, et c&rsquo;est la premi\u00e8re fois que Diego fait de la rando en itin\u00e9rance sur plusieurs jours.&nbsp;<\/p>\n\n\n\n<p>J&rsquo;arrive finalement aux fameuses ruines attendues vers 20h30, il y a en fait une cabane ferm\u00e9e \u00e0 cl\u00e9, mais la terrasse en bois sera parfaite pour dormir \u00e0 la belle \u00e9toile, avec une belle vue panoramique sur le glacier du Trient, du moins ce qu&rsquo;il en reste.&nbsp;<\/p>\n\n\n\n<figure class=\"wp-block-image size-large\"><img loading=\"lazy\" decoding=\"async\" width=\"1024\" height=\"768\" src=\"https:\/\/ngerard.fr\/blog\/wp-content\/uploads\/2024\/07\/1000022533112611146730885074-1024x768.jpg\" alt=\"\" class=\"wp-image-2107\" srcset=\"https:\/\/ngerard.fr\/blog\/wp-content\/uploads\/2024\/07\/1000022533112611146730885074-1024x768.jpg 1024w, https:\/\/ngerard.fr\/blog\/wp-content\/uploads\/2024\/07\/1000022533112611146730885074-300x225.jpg 300w, https:\/\/ngerard.fr\/blog\/wp-content\/uploads\/2024\/07\/1000022533112611146730885074-768x576.jpg 768w, https:\/\/ngerard.fr\/blog\/wp-content\/uploads\/2024\/07\/1000022533112611146730885074-1536x1152.jpg 1536w, https:\/\/ngerard.fr\/blog\/wp-content\/uploads\/2024\/07\/1000022533112611146730885074-1568x1176.jpg 1568w, https:\/\/ngerard.fr\/blog\/wp-content\/uploads\/2024\/07\/1000022533112611146730885074.jpg 2000w\" sizes=\"auto, (max-width: 1024px) 100vw, 1024px\" \/><\/figure>\n\n\n\n<p>Je profite donc des couleurs du glacier avec le coucher de soleil, alors que des bouquetins se prom\u00e8nent tout pr\u00e8s.<\/p>\n\n\n\n<p>Apr\u00e8s une toilette rapide dans une bassine, dans le froid qui commence \u00e0 s&rsquo;installer, je fais un gros repas qui se termine par deux donuts chocolat, ou plut\u00f4t un seul gros donut, puisqu&rsquo;il y a eu un l\u00e9ger \u00e9crasement dans mon sac.&nbsp;<\/p>\n\n\n\n<p>Je ne tarde pas \u00e0 me coucher, bien fatigu\u00e9 par cette grosse journ\u00e9e.<\/p>\n\n\n\n<figure class=\"wp-block-image\"><img loading=\"lazy\" decoding=\"async\" width=\"1024\" height=\"768\" src=\"https:\/\/ngerard.fr\/blog\/wp-content\/uploads\/2024\/07\/10000225347506137617530828980-1024x768.jpg\" alt=\"\" class=\"wp-image-2110\" srcset=\"https:\/\/ngerard.fr\/blog\/wp-content\/uploads\/2024\/07\/10000225347506137617530828980-1024x768.jpg 1024w, https:\/\/ngerard.fr\/blog\/wp-content\/uploads\/2024\/07\/10000225347506137617530828980-300x225.jpg 300w, https:\/\/ngerard.fr\/blog\/wp-content\/uploads\/2024\/07\/10000225347506137617530828980-768x576.jpg 768w, https:\/\/ngerard.fr\/blog\/wp-content\/uploads\/2024\/07\/10000225347506137617530828980-1536x1152.jpg 1536w, https:\/\/ngerard.fr\/blog\/wp-content\/uploads\/2024\/07\/10000225347506137617530828980-1568x1176.jpg 1568w, https:\/\/ngerard.fr\/blog\/wp-content\/uploads\/2024\/07\/10000225347506137617530828980.jpg 2000w\" sizes=\"auto, (max-width: 1024px) 100vw, 1024px\" \/><\/figure>\n","protected":false},"excerpt":{"rendered":"<p>Date : vendredi 19 juillet 2024 Je suis r\u00e9veill\u00e9 par le lever de soleil, c&rsquo;est-\u00e0-dire relativement t\u00f4t. Il fait toujours aussi froid, avec toujours ce m\u00eame vent glacial que la veille. Je n&rsquo;ai pas tellement envie de sortir de mon duvet&#8230;<\/p>\n","protected":false},"author":1,"featured_media":0,"comment_status":"open","ping_status":"open","sticky":false,"template":"","format":"standard","meta":{"jetpack_post_was_ever_published":false,"_jetpack_newsletter_access":"","_jetpack_dont_email_post_to_subs":false,"_jetpack_newsletter_tier_id":0,"_jetpack_memberships_contains_paywalled_content":false,"_jetpack_memberships_contains_paid_content":false,"footnotes":"","jetpack_publicize_message":"","jetpack_publicize_feature_enabled":true,"jetpack_social_post_already_shared":true,"jetpack_social_options":{"image_generator_settings":{"template":"highway","default_image_id":0,"font":"","enabled":false},"version":2}},"categories":[18],"tags":[6,17],"class_list":["post-2044","post","type-post","status-publish","format-standard","hentry","category-transalpes","tag-alpes","tag-transalpes","entry"],"jetpack_publicize_connections":[],"jetpack_featured_media_url":"","jetpack_sharing_enabled":true,"jetpack_likes_enabled":false,"_links":{"self":[{"href":"https:\/\/ngerard.fr\/blog\/wp-json\/wp\/v2\/posts\/2044","targetHints":{"allow":["GET"]}}],"collection":[{"href":"https:\/\/ngerard.fr\/blog\/wp-json\/wp\/v2\/posts"}],"about":[{"href":"https:\/\/ngerard.fr\/blog\/wp-json\/wp\/v2\/types\/post"}],"author":[{"embeddable":true,"href":"https:\/\/ngerard.fr\/blog\/wp-json\/wp\/v2\/users\/1"}],"replies":[{"embeddable":true,"href":"https:\/\/ngerard.fr\/blog\/wp-json\/wp\/v2\/comments?post=2044"}],"version-history":[{"count":2,"href":"https:\/\/ngerard.fr\/blog\/wp-json\/wp\/v2\/posts\/2044\/revisions"}],"predecessor-version":[{"id":2112,"href":"https:\/\/ngerard.fr\/blog\/wp-json\/wp\/v2\/posts\/2044\/revisions\/2112"}],"wp:attachment":[{"href":"https:\/\/ngerard.fr\/blog\/wp-json\/wp\/v2\/media?parent=2044"}],"wp:term":[{"taxonomy":"category","embeddable":true,"href":"https:\/\/ngerard.fr\/blog\/wp-json\/wp\/v2\/categories?post=2044"},{"taxonomy":"post_tag","embeddable":true,"href":"https:\/\/ngerard.fr\/blog\/wp-json\/wp\/v2\/tags?post=2044"}],"curies":[{"name":"wp","href":"https:\/\/api.w.org\/{rel}","templated":true}]}}