{"id":235,"date":"2020-08-03T09:22:44","date_gmt":"2020-08-03T07:22:44","guid":{"rendered":"https:\/\/ngerard.fr\/blog\/?p=235"},"modified":"2021-06-07T23:25:17","modified_gmt":"2021-06-07T21:25:17","slug":"jour-16-plampinet-le-lauzin","status":"publish","type":"post","link":"https:\/\/ngerard.fr\/blog\/2020\/08\/03\/jour-16-plampinet-le-lauzin\/","title":{"rendered":"[GTA2020] Jour 16 : Plampinet &#8211; Le Lauzin"},"content":{"rendered":"\n<figure class=\"wp-block-image size-large\"><img loading=\"lazy\" decoding=\"async\" width=\"2560\" height=\"1920\" src=\"https:\/\/ngerard.fr\/blog\/wp-content\/uploads\/2020\/08\/IMG_20200802_095459-scaled.jpg\" alt=\"\" class=\"wp-image-226\" srcset=\"https:\/\/ngerard.fr\/blog\/wp-content\/uploads\/2020\/08\/IMG_20200802_095459-scaled.jpg 2560w, https:\/\/ngerard.fr\/blog\/wp-content\/uploads\/2020\/08\/IMG_20200802_095459-300x225.jpg 300w, https:\/\/ngerard.fr\/blog\/wp-content\/uploads\/2020\/08\/IMG_20200802_095459-1024x768.jpg 1024w, https:\/\/ngerard.fr\/blog\/wp-content\/uploads\/2020\/08\/IMG_20200802_095459-768x576.jpg 768w, https:\/\/ngerard.fr\/blog\/wp-content\/uploads\/2020\/08\/IMG_20200802_095459-1536x1152.jpg 1536w, https:\/\/ngerard.fr\/blog\/wp-content\/uploads\/2020\/08\/IMG_20200802_095459-2048x1536.jpg 2048w\" sizes=\"auto, (max-width: 2560px) 100vw, 2560px\" \/><figcaption>Plampinet<\/figcaption><\/figure>\n\n\n\n<p>Nous partons vers 9h et attaquons rapidement la mont\u00e9e vers le Col de Dormillouse, apr\u00e8s \u00eatre pass\u00e9s par le petit village de Plampinet.<\/p>\n\n\n\n<!--more-->\n\n\n\n<figure class=\"wp-block-image size-large\"><img loading=\"lazy\" decoding=\"async\" width=\"2560\" height=\"1920\" src=\"https:\/\/ngerard.fr\/blog\/wp-content\/uploads\/2020\/08\/IMG_20200802_113756-scaled.jpg\" alt=\"\" class=\"wp-image-233\" srcset=\"https:\/\/ngerard.fr\/blog\/wp-content\/uploads\/2020\/08\/IMG_20200802_113756-scaled.jpg 2560w, https:\/\/ngerard.fr\/blog\/wp-content\/uploads\/2020\/08\/IMG_20200802_113756-300x225.jpg 300w, https:\/\/ngerard.fr\/blog\/wp-content\/uploads\/2020\/08\/IMG_20200802_113756-1024x768.jpg 1024w, https:\/\/ngerard.fr\/blog\/wp-content\/uploads\/2020\/08\/IMG_20200802_113756-768x576.jpg 768w, https:\/\/ngerard.fr\/blog\/wp-content\/uploads\/2020\/08\/IMG_20200802_113756-1536x1152.jpg 1536w, https:\/\/ngerard.fr\/blog\/wp-content\/uploads\/2020\/08\/IMG_20200802_113756-2048x1536.jpg 2048w\" sizes=\"auto, (max-width: 2560px) 100vw, 2560px\" \/><\/figure>\n\n\n\n<p>Le paysage alterne entre montagnes de cailloux et plaines sans arbres. Adieu torrents, marmottes, chamois, vous allez me manquer.<\/p>\n\n\n\n<figure class=\"wp-block-image size-large\"><img loading=\"lazy\" decoding=\"async\" width=\"2560\" height=\"1920\" src=\"https:\/\/ngerard.fr\/blog\/wp-content\/uploads\/2020\/08\/IMG_20200802_115526-scaled.jpg\" alt=\"\" class=\"wp-image-229\" srcset=\"https:\/\/ngerard.fr\/blog\/wp-content\/uploads\/2020\/08\/IMG_20200802_115526-scaled.jpg 2560w, https:\/\/ngerard.fr\/blog\/wp-content\/uploads\/2020\/08\/IMG_20200802_115526-300x225.jpg 300w, https:\/\/ngerard.fr\/blog\/wp-content\/uploads\/2020\/08\/IMG_20200802_115526-1024x768.jpg 1024w, https:\/\/ngerard.fr\/blog\/wp-content\/uploads\/2020\/08\/IMG_20200802_115526-768x576.jpg 768w, https:\/\/ngerard.fr\/blog\/wp-content\/uploads\/2020\/08\/IMG_20200802_115526-1536x1152.jpg 1536w, https:\/\/ngerard.fr\/blog\/wp-content\/uploads\/2020\/08\/IMG_20200802_115526-2048x1536.jpg 2048w\" sizes=\"auto, (max-width: 2560px) 100vw, 2560px\" \/><figcaption>Au fond, le Col de Dormillouse<\/figcaption><\/figure>\n\n\n\n<p>Nous atteignons le Col de Dormillouse vers 12h30, puis le Col de la Lauze vers 13h. Ensuite c&rsquo;est la descente jusqu&rsquo;\u00e0 Montgen\u00e8vre, \u00e0 la fronti\u00e8re avec l&rsquo;Italie, et que nous atteignons vers 14h30. <\/p>\n\n\n\n<figure class=\"wp-block-image size-large\"><img loading=\"lazy\" decoding=\"async\" width=\"2560\" height=\"1920\" src=\"https:\/\/ngerard.fr\/blog\/wp-content\/uploads\/2020\/08\/IMG_20200802_115934-scaled.jpg\" alt=\"\" class=\"wp-image-232\" srcset=\"https:\/\/ngerard.fr\/blog\/wp-content\/uploads\/2020\/08\/IMG_20200802_115934-scaled.jpg 2560w, https:\/\/ngerard.fr\/blog\/wp-content\/uploads\/2020\/08\/IMG_20200802_115934-300x225.jpg 300w, https:\/\/ngerard.fr\/blog\/wp-content\/uploads\/2020\/08\/IMG_20200802_115934-1024x768.jpg 1024w, https:\/\/ngerard.fr\/blog\/wp-content\/uploads\/2020\/08\/IMG_20200802_115934-768x576.jpg 768w, https:\/\/ngerard.fr\/blog\/wp-content\/uploads\/2020\/08\/IMG_20200802_115934-1536x1152.jpg 1536w, https:\/\/ngerard.fr\/blog\/wp-content\/uploads\/2020\/08\/IMG_20200802_115934-2048x1536.jpg 2048w\" sizes=\"auto, (max-width: 2560px) 100vw, 2560px\" \/><\/figure>\n\n\n\n<p>Nous faisons l\u00e0 une pause pour manger, p\u00e2tes carbo pour Maxime et moi, gnocchis courgettes\/crevettes pour Francis. Apr\u00e8s un bref ravitaillement, nous repartons ensuite direction Brian\u00e7on. <\/p>\n\n\n\n<figure class=\"wp-block-image size-large\"><img loading=\"lazy\" decoding=\"async\" width=\"2560\" height=\"1920\" src=\"https:\/\/ngerard.fr\/blog\/wp-content\/uploads\/2020\/08\/IMG_20200802_144640-scaled.jpg\" alt=\"\" class=\"wp-image-231\" srcset=\"https:\/\/ngerard.fr\/blog\/wp-content\/uploads\/2020\/08\/IMG_20200802_144640-scaled.jpg 2560w, https:\/\/ngerard.fr\/blog\/wp-content\/uploads\/2020\/08\/IMG_20200802_144640-300x225.jpg 300w, https:\/\/ngerard.fr\/blog\/wp-content\/uploads\/2020\/08\/IMG_20200802_144640-1024x768.jpg 1024w, https:\/\/ngerard.fr\/blog\/wp-content\/uploads\/2020\/08\/IMG_20200802_144640-768x576.jpg 768w, https:\/\/ngerard.fr\/blog\/wp-content\/uploads\/2020\/08\/IMG_20200802_144640-1536x1152.jpg 1536w, https:\/\/ngerard.fr\/blog\/wp-content\/uploads\/2020\/08\/IMG_20200802_144640-2048x1536.jpg 2048w\" sizes=\"auto, (max-width: 2560px) 100vw, 2560px\" \/><\/figure>\n\n\n\n<p>Alors que Francis et Maxime se d\u00e9p\u00eachent d&rsquo;atteindre Brian\u00e7on avant la fermeture d&rsquo;Intersport \u00e0 18h ce dimanche, je fais une pause puis loupe le vrai chemin du GR5, je me permets donc une variante involontaire par le Fort Dauphin et le Fort des Trois T\u00eates au dessus de Brian\u00e7on.<\/p>\n\n\n\n<figure class=\"wp-block-image size-large\"><img loading=\"lazy\" decoding=\"async\" width=\"2560\" height=\"1920\" src=\"https:\/\/ngerard.fr\/blog\/wp-content\/uploads\/2020\/08\/IMG_20200802_173807-scaled.jpg\" alt=\"\" class=\"wp-image-230\" srcset=\"https:\/\/ngerard.fr\/blog\/wp-content\/uploads\/2020\/08\/IMG_20200802_173807-scaled.jpg 2560w, https:\/\/ngerard.fr\/blog\/wp-content\/uploads\/2020\/08\/IMG_20200802_173807-300x225.jpg 300w, https:\/\/ngerard.fr\/blog\/wp-content\/uploads\/2020\/08\/IMG_20200802_173807-1024x768.jpg 1024w, https:\/\/ngerard.fr\/blog\/wp-content\/uploads\/2020\/08\/IMG_20200802_173807-768x576.jpg 768w, https:\/\/ngerard.fr\/blog\/wp-content\/uploads\/2020\/08\/IMG_20200802_173807-1536x1152.jpg 1536w, https:\/\/ngerard.fr\/blog\/wp-content\/uploads\/2020\/08\/IMG_20200802_173807-2048x1536.jpg 2048w\" sizes=\"auto, (max-width: 2560px) 100vw, 2560px\" \/><figcaption>Fort Dauphin<\/figcaption><\/figure>\n\n\n\n<p>\u00c0 ce stade, je pense que Maxime et Francis ont d\u00e9j\u00e0 pass\u00e9 Brian\u00e7on et sont arriv\u00e9s au moins \u00e0 Villar-St-Pancrace (ou bien Menton), mais non, je tombe sur Maxime dans une ruelle.<\/p>\n\n\n\n<p>Nous croisons ensuite de nouveau Lysa et Rapha\u00ebl en ville, qui restent \u00e0 l&rsquo;h\u00f4tel cette nuit, et on planifie de les retrouver ensuite \u00e0 Ch\u00e2teau Queyras, la prochaine \u00e9tape.<\/p>\n\n\n\n<p>Francis nous offre ensuite une d\u00e9licieuse glace (cookies cassis pour moi) avant de repartir pour chercher un lieu de bivouac.<\/p>\n\n\n\n<figure class=\"wp-block-image size-large\"><img loading=\"lazy\" decoding=\"async\" width=\"2560\" height=\"1920\" src=\"https:\/\/ngerard.fr\/blog\/wp-content\/uploads\/2020\/08\/IMG_20200803_085915-scaled.jpg\" alt=\"\" class=\"wp-image-234\" srcset=\"https:\/\/ngerard.fr\/blog\/wp-content\/uploads\/2020\/08\/IMG_20200803_085915-scaled.jpg 2560w, https:\/\/ngerard.fr\/blog\/wp-content\/uploads\/2020\/08\/IMG_20200803_085915-300x225.jpg 300w, https:\/\/ngerard.fr\/blog\/wp-content\/uploads\/2020\/08\/IMG_20200803_085915-1024x768.jpg 1024w, https:\/\/ngerard.fr\/blog\/wp-content\/uploads\/2020\/08\/IMG_20200803_085915-768x576.jpg 768w, https:\/\/ngerard.fr\/blog\/wp-content\/uploads\/2020\/08\/IMG_20200803_085915-1536x1152.jpg 1536w, https:\/\/ngerard.fr\/blog\/wp-content\/uploads\/2020\/08\/IMG_20200803_085915-2048x1536.jpg 2048w\" sizes=\"auto, (max-width: 2560px) 100vw, 2560px\" \/><figcaption>M&rsquo;\u00e9tonnerait pas qu&rsquo;on me jette quelques pi\u00e8ces <\/figcaption><\/figure>\n\n\n\n<p>Nous trouverons celui-ci un peu avant 21h, vers Le Lauzin, apr\u00e8s Villar-St-Pancrace. Pour moi c&rsquo;est cowboy camping de nouveau, \u00e0 c\u00f4t\u00e9 d&rsquo;une gentille voiture qui me prot\u00e9gera du vent.<\/p>\n\n\n\n<p>Bilan de la journ\u00e9e : 35km<br>Cumul\u00e9 : environ 422km<\/p>\n","protected":false},"excerpt":{"rendered":"<p>Nous partons vers 9h et attaquons rapidement la mont\u00e9e vers le Col de Dormillouse, apr\u00e8s \u00eatre pass\u00e9s par le petit village de Plampinet.<\/p>\n","protected":false},"author":1,"featured_media":0,"comment_status":"open","ping_status":"open","sticky":false,"template":"","format":"standard","meta":{"jetpack_post_was_ever_published":false,"_jetpack_newsletter_access":"","_jetpack_dont_email_post_to_subs":false,"_jetpack_newsletter_tier_id":0,"_jetpack_memberships_contains_paywalled_content":false,"_jetpack_memberships_contains_paid_content":false,"footnotes":"","jetpack_publicize_message":"","jetpack_publicize_feature_enabled":true,"jetpack_social_post_already_shared":true,"jetpack_social_options":{"image_generator_settings":{"template":"highway","default_image_id":0,"font":"","enabled":false},"version":2}},"categories":[4],"tags":[6,7,8],"class_list":["post-235","post","type-post","status-publish","format-standard","hentry","category-grande-traversee-des-alpes","tag-alpes","tag-gta","tag-gta2020","entry"],"jetpack_publicize_connections":[],"jetpack_featured_media_url":"","jetpack_sharing_enabled":true,"jetpack_likes_enabled":false,"_links":{"self":[{"href":"https:\/\/ngerard.fr\/blog\/wp-json\/wp\/v2\/posts\/235","targetHints":{"allow":["GET"]}}],"collection":[{"href":"https:\/\/ngerard.fr\/blog\/wp-json\/wp\/v2\/posts"}],"about":[{"href":"https:\/\/ngerard.fr\/blog\/wp-json\/wp\/v2\/types\/post"}],"author":[{"embeddable":true,"href":"https:\/\/ngerard.fr\/blog\/wp-json\/wp\/v2\/users\/1"}],"replies":[{"embeddable":true,"href":"https:\/\/ngerard.fr\/blog\/wp-json\/wp\/v2\/comments?post=235"}],"version-history":[{"count":4,"href":"https:\/\/ngerard.fr\/blog\/wp-json\/wp\/v2\/posts\/235\/revisions"}],"predecessor-version":[{"id":607,"href":"https:\/\/ngerard.fr\/blog\/wp-json\/wp\/v2\/posts\/235\/revisions\/607"}],"wp:attachment":[{"href":"https:\/\/ngerard.fr\/blog\/wp-json\/wp\/v2\/media?parent=235"}],"wp:term":[{"taxonomy":"category","embeddable":true,"href":"https:\/\/ngerard.fr\/blog\/wp-json\/wp\/v2\/categories?post=235"},{"taxonomy":"post_tag","embeddable":true,"href":"https:\/\/ngerard.fr\/blog\/wp-json\/wp\/v2\/tags?post=235"}],"curies":[{"name":"wp","href":"https:\/\/api.w.org\/{rel}","templated":true}]}}