{"id":279,"date":"2020-08-17T19:59:45","date_gmt":"2020-08-17T17:59:45","guid":{"rendered":"https:\/\/ngerard.fr\/blog\/?p=279"},"modified":"2021-06-07T23:25:17","modified_gmt":"2021-06-07T21:25:17","slug":"jour-20-larche-col-de-la-colombiere","status":"publish","type":"post","link":"https:\/\/ngerard.fr\/blog\/2020\/08\/17\/jour-20-larche-col-de-la-colombiere\/","title":{"rendered":"[GTA2020] Jour 20 : Larche &#8211; Col de la Colombi\u00e8re"},"content":{"rendered":"\n<figure class=\"wp-block-image size-large\"><img loading=\"lazy\" decoding=\"async\" width=\"1024\" height=\"768\" src=\"https:\/\/ngerard.fr\/blog\/wp-content\/uploads\/2020\/08\/IMG_20200806_075924-1024x768.jpg\" alt=\"\" class=\"wp-image-296\" srcset=\"https:\/\/ngerard.fr\/blog\/wp-content\/uploads\/2020\/08\/IMG_20200806_075924-1024x768.jpg 1024w, https:\/\/ngerard.fr\/blog\/wp-content\/uploads\/2020\/08\/IMG_20200806_075924-300x225.jpg 300w, https:\/\/ngerard.fr\/blog\/wp-content\/uploads\/2020\/08\/IMG_20200806_075924-768x576.jpg 768w, https:\/\/ngerard.fr\/blog\/wp-content\/uploads\/2020\/08\/IMG_20200806_075924-1536x1152.jpg 1536w, https:\/\/ngerard.fr\/blog\/wp-content\/uploads\/2020\/08\/IMG_20200806_075924-2048x1536.jpg 2048w\" sizes=\"auto, (max-width: 1024px) 100vw, 1024px\" \/><\/figure>\n\n\n\n<p>Date : Jeudi 06 ao\u00fbt 2020<\/p>\n\n\n\n<p>Je prends mon petit-d\u00e9jeuner vers 08h, alors que Lysa et Rapha\u00ebl partent d\u00e9j\u00e0 \u00e0 l&rsquo;attaque de cette journ\u00e9e.<br>Au programme pour commencer : pains au chocolat, croissant, chocolat \/ lait entier&#8230;<\/p>\n\n\n\n<p>Ensuite, c&rsquo;est avec grande vitesse que je fais s\u00e9cher ma tente et remballe mes affaires, et  je pars donc du camping \u00e0 l&rsquo;aube, \u00e0 l\u2019heure o\u00f9 blanchit la campagne, le soleil \u00e0 peine lev\u00e9, vers 10h30.<\/p>\n\n\n\n<!--more-->\n\n\n\n<figure class=\"wp-block-image size-large\"><img loading=\"lazy\" decoding=\"async\" width=\"1024\" height=\"768\" src=\"https:\/\/ngerard.fr\/blog\/wp-content\/uploads\/2020\/08\/image-1024x768.png\" alt=\"\" class=\"wp-image-297\" srcset=\"https:\/\/ngerard.fr\/blog\/wp-content\/uploads\/2020\/08\/image-1024x768.png 1024w, https:\/\/ngerard.fr\/blog\/wp-content\/uploads\/2020\/08\/image-300x225.png 300w, https:\/\/ngerard.fr\/blog\/wp-content\/uploads\/2020\/08\/image-768x576.png 768w, https:\/\/ngerard.fr\/blog\/wp-content\/uploads\/2020\/08\/image-1536x1152.png 1536w, https:\/\/ngerard.fr\/blog\/wp-content\/uploads\/2020\/08\/image-2048x1536.png 2048w\" sizes=\"auto, (max-width: 1024px) 100vw, 1024px\" \/><figcaption>Bienvenue dans le Mercantour<\/figcaption><\/figure>\n\n\n\n<p>Partir \u00e0 10h30 permet de profiter un maximum de l&rsquo;ensoleillement, et donc de rajouter de la difficult\u00e9 \u00e0 cette GTA. Ce serait beaucoup trop facile sinon.<\/p>\n\n\n\n<p>Apr\u00e8s avoir quitt\u00e9 Larche, j&#8217;emprunte un chemin forestier et arrive assez vite dans le Parc National du Mercantour, en longeant la rivi\u00e8re \u00ab\u00a0l&rsquo;Ubayette\u00a0\u00bb. L&rsquo;endroit est tr\u00e8s peupl\u00e9, aussi bien d&rsquo;humains que de marmottes, les uns observant les autres.<\/p>\n\n\n\n<figure class=\"wp-block-image size-large\"><img loading=\"lazy\" decoding=\"async\" width=\"1024\" height=\"683\" src=\"https:\/\/ngerard.fr\/blog\/wp-content\/uploads\/2020\/08\/image-1-1024x683.png\" alt=\"\" class=\"wp-image-298\" srcset=\"https:\/\/ngerard.fr\/blog\/wp-content\/uploads\/2020\/08\/image-1-1024x683.png 1024w, https:\/\/ngerard.fr\/blog\/wp-content\/uploads\/2020\/08\/image-1-300x200.png 300w, https:\/\/ngerard.fr\/blog\/wp-content\/uploads\/2020\/08\/image-1-768x512.png 768w, https:\/\/ngerard.fr\/blog\/wp-content\/uploads\/2020\/08\/image-1-1536x1024.png 1536w, https:\/\/ngerard.fr\/blog\/wp-content\/uploads\/2020\/08\/image-1-2048x1365.png 2048w\" sizes=\"auto, (max-width: 1024px) 100vw, 1024px\" \/><figcaption>Lac du Lauzanier<\/figcaption><\/figure>\n\n\n\n<p>J&rsquo;arrive vers 13h au Lac du Lauzanier, 2284m d&rsquo;altitude, o\u00f9 je m&rsquo;arr\u00eate 1h pour manger tranquillement.<\/p>\n\n\n\n<figure class=\"wp-block-image size-large\"><img loading=\"lazy\" decoding=\"async\" width=\"1024\" height=\"768\" src=\"https:\/\/ngerard.fr\/blog\/wp-content\/uploads\/2020\/08\/image-2-1024x768.png\" alt=\"\" class=\"wp-image-299\" srcset=\"https:\/\/ngerard.fr\/blog\/wp-content\/uploads\/2020\/08\/image-2-1024x768.png 1024w, https:\/\/ngerard.fr\/blog\/wp-content\/uploads\/2020\/08\/image-2-300x225.png 300w, https:\/\/ngerard.fr\/blog\/wp-content\/uploads\/2020\/08\/image-2-768x576.png 768w, https:\/\/ngerard.fr\/blog\/wp-content\/uploads\/2020\/08\/image-2-1536x1152.png 1536w, https:\/\/ngerard.fr\/blog\/wp-content\/uploads\/2020\/08\/image-2-2048x1536.png 2048w\" sizes=\"auto, (max-width: 1024px) 100vw, 1024px\" \/><figcaption>Lac de derri\u00e8re la Croix<\/figcaption><\/figure>\n\n\n\n<p>Je repars ensuite, croise la route du \u00ab\u00a0Lac de derri\u00e8re la Croix\u00a0\u00bb et continue \u00e0 grimper quelques 300m de d\u00e9nivel\u00e9 direction le col du \u00ab\u00a0Pas de la Cavale\u00a0\u00bb, dans la chaleur, les cailloux et la souffrance. (un peu)<\/p>\n\n\n\n<figure class=\"wp-block-image size-large\"><img loading=\"lazy\" decoding=\"async\" width=\"1024\" height=\"768\" src=\"https:\/\/ngerard.fr\/blog\/wp-content\/uploads\/2020\/08\/image-3-1024x768.png\" alt=\"\" class=\"wp-image-300\" srcset=\"https:\/\/ngerard.fr\/blog\/wp-content\/uploads\/2020\/08\/image-3-1024x768.png 1024w, https:\/\/ngerard.fr\/blog\/wp-content\/uploads\/2020\/08\/image-3-300x225.png 300w, https:\/\/ngerard.fr\/blog\/wp-content\/uploads\/2020\/08\/image-3-768x576.png 768w, https:\/\/ngerard.fr\/blog\/wp-content\/uploads\/2020\/08\/image-3-1536x1152.png 1536w, https:\/\/ngerard.fr\/blog\/wp-content\/uploads\/2020\/08\/image-3-2048x1536.png 2048w\" sizes=\"auto, (max-width: 1024px) 100vw, 1024px\" \/><figcaption>Oh, la belle mont\u00e9e dans les cailloux<\/figcaption><\/figure>\n\n\n\n<p>La vue est en tout cas aussi sympa que le soleil est chaud et que les cailloux sont gris, et me permet donc tr\u00e8s facilement de supporter tout \u00e7a.<\/p>\n\n\n\n<figure class=\"wp-block-image size-large\"><img loading=\"lazy\" decoding=\"async\" width=\"1024\" height=\"768\" src=\"https:\/\/ngerard.fr\/blog\/wp-content\/uploads\/2020\/08\/image-4-1024x768.png\" alt=\"\" class=\"wp-image-301\" srcset=\"https:\/\/ngerard.fr\/blog\/wp-content\/uploads\/2020\/08\/image-4-1024x768.png 1024w, https:\/\/ngerard.fr\/blog\/wp-content\/uploads\/2020\/08\/image-4-300x225.png 300w, https:\/\/ngerard.fr\/blog\/wp-content\/uploads\/2020\/08\/image-4-768x576.png 768w, https:\/\/ngerard.fr\/blog\/wp-content\/uploads\/2020\/08\/image-4-1536x1152.png 1536w, https:\/\/ngerard.fr\/blog\/wp-content\/uploads\/2020\/08\/image-4-2048x1536.png 2048w\" sizes=\"auto, (max-width: 1024px) 100vw, 1024px\" \/><figcaption>Le Lac de derri\u00e8re la Croix, vu de plus haut<\/figcaption><\/figure>\n\n\n\n<figure class=\"wp-block-image size-large\"><img loading=\"lazy\" decoding=\"async\" width=\"768\" height=\"1024\" src=\"https:\/\/ngerard.fr\/blog\/wp-content\/uploads\/2020\/08\/image-5-768x1024.png\" alt=\"\" class=\"wp-image-302\" srcset=\"https:\/\/ngerard.fr\/blog\/wp-content\/uploads\/2020\/08\/image-5-768x1024.png 768w, https:\/\/ngerard.fr\/blog\/wp-content\/uploads\/2020\/08\/image-5-225x300.png 225w, https:\/\/ngerard.fr\/blog\/wp-content\/uploads\/2020\/08\/image-5-1152x1536.png 1152w, https:\/\/ngerard.fr\/blog\/wp-content\/uploads\/2020\/08\/image-5-1536x2048.png 1536w\" sizes=\"auto, (max-width: 768px) 100vw, 768px\" \/><figcaption>La belle mont\u00e9e dans les cailloux, vue de plus pr\u00e8s. En haut \u00e0 droite, le Pas de la Cavale.<\/figcaption><\/figure>\n\n\n\n<p>J&rsquo;arrive au Pas de la Cavale, altitude 2671m, vers 15h30. De l\u00e0, j&rsquo;ai un superbe panorama sur l&rsquo;autre versant de la montagne, ainsi que sur la jolie descente qui m&rsquo;attend, pour compenser la mont\u00e9e pr\u00e9c\u00e9dente.<\/p>\n\n\n\n<figure class=\"wp-block-image size-large\"><img loading=\"lazy\" decoding=\"async\" width=\"1024\" height=\"683\" src=\"https:\/\/ngerard.fr\/blog\/wp-content\/uploads\/2020\/08\/image-6-1024x683.png\" alt=\"\" class=\"wp-image-303\" srcset=\"https:\/\/ngerard.fr\/blog\/wp-content\/uploads\/2020\/08\/image-6-1024x683.png 1024w, https:\/\/ngerard.fr\/blog\/wp-content\/uploads\/2020\/08\/image-6-300x200.png 300w, https:\/\/ngerard.fr\/blog\/wp-content\/uploads\/2020\/08\/image-6-768x512.png 768w, https:\/\/ngerard.fr\/blog\/wp-content\/uploads\/2020\/08\/image-6-1536x1024.png 1536w, https:\/\/ngerard.fr\/blog\/wp-content\/uploads\/2020\/08\/image-6-2048x1365.png 2048w\" sizes=\"auto, (max-width: 1024px) 100vw, 1024px\" \/><figcaption>Vue du pas de la Cavale<\/figcaption><\/figure>\n\n\n\n<figure class=\"wp-block-image size-large\"><img loading=\"lazy\" decoding=\"async\" width=\"1024\" height=\"683\" src=\"https:\/\/ngerard.fr\/blog\/wp-content\/uploads\/2020\/08\/image-7-1024x683.png\" alt=\"\" class=\"wp-image-304\" srcset=\"https:\/\/ngerard.fr\/blog\/wp-content\/uploads\/2020\/08\/image-7-1024x683.png 1024w, https:\/\/ngerard.fr\/blog\/wp-content\/uploads\/2020\/08\/image-7-300x200.png 300w, https:\/\/ngerard.fr\/blog\/wp-content\/uploads\/2020\/08\/image-7-768x512.png 768w, https:\/\/ngerard.fr\/blog\/wp-content\/uploads\/2020\/08\/image-7-1536x1024.png 1536w, https:\/\/ngerard.fr\/blog\/wp-content\/uploads\/2020\/08\/image-7-2048x1365.png 2048w\" sizes=\"auto, (max-width: 1024px) 100vw, 1024px\" \/><figcaption>Encore un peu de chemin<\/figcaption><\/figure>\n\n\n\n<figure class=\"wp-block-image size-large\"><img loading=\"lazy\" decoding=\"async\" width=\"1024\" height=\"683\" src=\"https:\/\/ngerard.fr\/blog\/wp-content\/uploads\/2020\/08\/image-8-1024x683.png\" alt=\"\" class=\"wp-image-305\" srcset=\"https:\/\/ngerard.fr\/blog\/wp-content\/uploads\/2020\/08\/image-8-1024x683.png 1024w, https:\/\/ngerard.fr\/blog\/wp-content\/uploads\/2020\/08\/image-8-300x200.png 300w, https:\/\/ngerard.fr\/blog\/wp-content\/uploads\/2020\/08\/image-8-768x512.png 768w, https:\/\/ngerard.fr\/blog\/wp-content\/uploads\/2020\/08\/image-8-1536x1024.png 1536w, https:\/\/ngerard.fr\/blog\/wp-content\/uploads\/2020\/08\/image-8-2048x1365.png 2048w\" sizes=\"auto, (max-width: 1024px) 100vw, 1024px\" \/><figcaption>Une marmotte qui bronze<\/figcaption><\/figure>\n\n\n\n<p>Apr\u00e8s la descente, je remonte un peu (c&rsquo;est pas marrant sinon) jusqu&rsquo;au Col des Fourches (altitude 2261m), que j&rsquo;atteins \u00e0 17h, et qui permet de jeter un coup d\u2019\u0153il en arri\u00e8re pour voir le chemin parcouru.<\/p>\n\n\n\n<figure class=\"wp-block-image size-large\"><img loading=\"lazy\" decoding=\"async\" width=\"1024\" height=\"683\" src=\"https:\/\/ngerard.fr\/blog\/wp-content\/uploads\/2020\/08\/image-9-1024x683.png\" alt=\"\" class=\"wp-image-306\" srcset=\"https:\/\/ngerard.fr\/blog\/wp-content\/uploads\/2020\/08\/image-9-1024x683.png 1024w, https:\/\/ngerard.fr\/blog\/wp-content\/uploads\/2020\/08\/image-9-300x200.png 300w, https:\/\/ngerard.fr\/blog\/wp-content\/uploads\/2020\/08\/image-9-768x512.png 768w, https:\/\/ngerard.fr\/blog\/wp-content\/uploads\/2020\/08\/image-9-1536x1024.png 1536w, https:\/\/ngerard.fr\/blog\/wp-content\/uploads\/2020\/08\/image-9-2048x1365.png 2048w\" sizes=\"auto, (max-width: 1024px) 100vw, 1024px\" \/><figcaption>Vue du Col des Fourches<\/figcaption><\/figure>\n\n\n\n<p>De l\u00e0 je reprends la descente jusqu&rsquo;au petit village de Bousi\u00e9yas, o\u00f9 je retrouve Lysa et Raph et en profite donc pour faire une petite pause d&rsquo;une heure et demie au gite.<\/p>\n\n\n\n<p>J&rsquo;en profite \u00e9galement pour r\u00e9parer mon lacet de chaussure gauche, qui a cass\u00e9 durant la descente, chose que je pr\u00e9voyais depuis quelques jours, l&rsquo;usure \u00e9tant bien visible. Un petit n\u0153ud et \u00e7a repart.<\/p>\n\n\n\n<p>Je reprends la route vers 19h, en forme et motiv\u00e9, avec probablement quelque chose comme 500 grammes de pain en plus dans le sac, offert par un groupe de cyclistes-randonneurs qui n&rsquo;en avaient plus l&rsquo;utilit\u00e9.<\/p>\n\n\n\n<figure class=\"wp-block-image size-large\"><img loading=\"lazy\" decoding=\"async\" width=\"1024\" height=\"768\" src=\"https:\/\/ngerard.fr\/blog\/wp-content\/uploads\/2020\/08\/image-10-1024x768.png\" alt=\"\" class=\"wp-image-307\" srcset=\"https:\/\/ngerard.fr\/blog\/wp-content\/uploads\/2020\/08\/image-10-1024x768.png 1024w, https:\/\/ngerard.fr\/blog\/wp-content\/uploads\/2020\/08\/image-10-300x225.png 300w, https:\/\/ngerard.fr\/blog\/wp-content\/uploads\/2020\/08\/image-10-768x576.png 768w, https:\/\/ngerard.fr\/blog\/wp-content\/uploads\/2020\/08\/image-10-1536x1152.png 1536w, https:\/\/ngerard.fr\/blog\/wp-content\/uploads\/2020\/08\/image-10-2048x1536.png 2048w\" sizes=\"auto, (max-width: 1024px) 100vw, 1024px\" \/><figcaption>En bas, Bousi\u00e9yas, et quelque part en haut vers la droite, le Pas de la Cavale.<\/figcaption><\/figure>\n\n\n\n<p>J&rsquo;arrive au Col de la Colombi\u00e8re (2237m) vers 20h, o\u00f9 je retrouve Francis et Maxime, qui ont d\u00e9j\u00e0 mont\u00e9 leur tente. Pour ma part ce sera cowboy camping de nouveau, l&rsquo;endroit est parfait, et la vue superbe.<\/p>\n\n\n\n<figure class=\"wp-block-image size-large\"><img loading=\"lazy\" decoding=\"async\" width=\"1024\" height=\"768\" src=\"https:\/\/ngerard.fr\/blog\/wp-content\/uploads\/2020\/08\/image-11-1024x768.png\" alt=\"\" class=\"wp-image-308\" srcset=\"https:\/\/ngerard.fr\/blog\/wp-content\/uploads\/2020\/08\/image-11-1024x768.png 1024w, https:\/\/ngerard.fr\/blog\/wp-content\/uploads\/2020\/08\/image-11-300x225.png 300w, https:\/\/ngerard.fr\/blog\/wp-content\/uploads\/2020\/08\/image-11-768x576.png 768w, https:\/\/ngerard.fr\/blog\/wp-content\/uploads\/2020\/08\/image-11-1536x1152.png 1536w, https:\/\/ngerard.fr\/blog\/wp-content\/uploads\/2020\/08\/image-11-2048x1536.png 2048w\" sizes=\"auto, (max-width: 1024px) 100vw, 1024px\" \/><\/figure>\n\n\n\n<figure class=\"wp-block-image size-large\"><img loading=\"lazy\" decoding=\"async\" width=\"1024\" height=\"768\" src=\"https:\/\/ngerard.fr\/blog\/wp-content\/uploads\/2020\/08\/image-12-1024x768.png\" alt=\"\" class=\"wp-image-309\" srcset=\"https:\/\/ngerard.fr\/blog\/wp-content\/uploads\/2020\/08\/image-12-1024x768.png 1024w, https:\/\/ngerard.fr\/blog\/wp-content\/uploads\/2020\/08\/image-12-300x225.png 300w, https:\/\/ngerard.fr\/blog\/wp-content\/uploads\/2020\/08\/image-12-768x576.png 768w, https:\/\/ngerard.fr\/blog\/wp-content\/uploads\/2020\/08\/image-12-1536x1152.png 1536w, https:\/\/ngerard.fr\/blog\/wp-content\/uploads\/2020\/08\/image-12-2048x1536.png 2048w\" sizes=\"auto, (max-width: 1024px) 100vw, 1024px\" \/><\/figure>\n\n\n\n<p>Bilan de la journ\u00e9e : 27km<br>Cumul\u00e9 : environ 534km<\/p>\n","protected":false},"excerpt":{"rendered":"<p>Date : Jeudi 06 ao\u00fbt 2020 Je prends mon petit-d\u00e9jeuner vers 08h, alors que Lysa et Rapha\u00ebl partent d\u00e9j\u00e0 \u00e0 l&rsquo;attaque de cette journ\u00e9e.Au programme pour commencer : pains au chocolat, croissant, chocolat \/ lait entier&#8230; Ensuite, c&rsquo;est avec grande vitesse que je fais s\u00e9cher ma tente et remballe mes affaires, et je pars donc&hellip; <a class=\"more-link\" href=\"https:\/\/ngerard.fr\/blog\/2020\/08\/17\/jour-20-larche-col-de-la-colombiere\/\">Poursuivre la lecture <span class=\"screen-reader-text\">[GTA2020] Jour 20 : Larche &#8211; Col de la Colombi\u00e8re<\/span><\/a><\/p>\n","protected":false},"author":1,"featured_media":0,"comment_status":"open","ping_status":"open","sticky":false,"template":"","format":"standard","meta":{"jetpack_post_was_ever_published":false,"_jetpack_newsletter_access":"","_jetpack_dont_email_post_to_subs":false,"_jetpack_newsletter_tier_id":0,"_jetpack_memberships_contains_paywalled_content":false,"_jetpack_memberships_contains_paid_content":false,"footnotes":"","jetpack_publicize_message":"","jetpack_publicize_feature_enabled":true,"jetpack_social_post_already_shared":true,"jetpack_social_options":{"image_generator_settings":{"template":"highway","default_image_id":0,"font":"","enabled":false},"version":2}},"categories":[4],"tags":[6,7,8],"class_list":["post-279","post","type-post","status-publish","format-standard","hentry","category-grande-traversee-des-alpes","tag-alpes","tag-gta","tag-gta2020","entry"],"jetpack_publicize_connections":[],"jetpack_featured_media_url":"","jetpack_sharing_enabled":true,"jetpack_likes_enabled":false,"_links":{"self":[{"href":"https:\/\/ngerard.fr\/blog\/wp-json\/wp\/v2\/posts\/279","targetHints":{"allow":["GET"]}}],"collection":[{"href":"https:\/\/ngerard.fr\/blog\/wp-json\/wp\/v2\/posts"}],"about":[{"href":"https:\/\/ngerard.fr\/blog\/wp-json\/wp\/v2\/types\/post"}],"author":[{"embeddable":true,"href":"https:\/\/ngerard.fr\/blog\/wp-json\/wp\/v2\/users\/1"}],"replies":[{"embeddable":true,"href":"https:\/\/ngerard.fr\/blog\/wp-json\/wp\/v2\/comments?post=279"}],"version-history":[{"count":5,"href":"https:\/\/ngerard.fr\/blog\/wp-json\/wp\/v2\/posts\/279\/revisions"}],"predecessor-version":[{"id":603,"href":"https:\/\/ngerard.fr\/blog\/wp-json\/wp\/v2\/posts\/279\/revisions\/603"}],"wp:attachment":[{"href":"https:\/\/ngerard.fr\/blog\/wp-json\/wp\/v2\/media?parent=279"}],"wp:term":[{"taxonomy":"category","embeddable":true,"href":"https:\/\/ngerard.fr\/blog\/wp-json\/wp\/v2\/categories?post=279"},{"taxonomy":"post_tag","embeddable":true,"href":"https:\/\/ngerard.fr\/blog\/wp-json\/wp\/v2\/tags?post=279"}],"curies":[{"name":"wp","href":"https:\/\/api.w.org\/{rel}","templated":true}]}}