{"id":287,"date":"2020-12-03T21:57:44","date_gmt":"2020-12-03T20:57:44","guid":{"rendered":"https:\/\/ngerard.fr\/blog\/?p=287"},"modified":"2021-06-07T23:25:17","modified_gmt":"2021-06-07T21:25:17","slug":"jour-24-lac-gras-lac-de-trecolpas","status":"publish","type":"post","link":"https:\/\/ngerard.fr\/blog\/2020\/12\/03\/jour-24-lac-gras-lac-de-trecolpas\/","title":{"rendered":"[GTA2020] Jour 24 : Lac Gras &#8211; Lac de Trecolpas"},"content":{"rendered":"\n<figure class=\"wp-block-image size-large\"><img loading=\"lazy\" decoding=\"async\" width=\"1024\" height=\"768\" src=\"https:\/\/ngerard.fr\/blog\/wp-content\/uploads\/2020\/12\/image-1024x768.png\" alt=\"\" class=\"wp-image-385\" srcset=\"https:\/\/ngerard.fr\/blog\/wp-content\/uploads\/2020\/12\/image-1024x768.png 1024w, https:\/\/ngerard.fr\/blog\/wp-content\/uploads\/2020\/12\/image-300x225.png 300w, https:\/\/ngerard.fr\/blog\/wp-content\/uploads\/2020\/12\/image-768x576.png 768w, https:\/\/ngerard.fr\/blog\/wp-content\/uploads\/2020\/12\/image-1536x1152.png 1536w, https:\/\/ngerard.fr\/blog\/wp-content\/uploads\/2020\/12\/image-2048x1536.png 2048w\" sizes=\"auto, (max-width: 1024px) 100vw, 1024px\" \/><figcaption>Lac Gras, 8h30<\/figcaption><\/figure>\n\n\n\n<p>Date : lundi 10 ao\u00fbt 2020<\/p>\n\n\n\n<p>Nous levons le camp vers 08h30 sous le soleil<strong> <\/strong>pour l&rsquo;instant, pour une nouvelle \u00e9tape entre deux lacs, finalement raccourcie pour cause de mauvais temps. Moi qui pensais qu&rsquo;il faisait toujours beau dans le Sud&#8230;<\/p>\n\n\n\n<!--more-->\n\n\n\n<p>Nous atteignons le Col du Barn (2452m) peu avant 9h puis redescendons dans le vallon du m\u00eame nom,  o\u00f9 nous retrouvons la v\u00e9g\u00e9tation beaucoup plus pr\u00e9sente en dessous de 2000m d&rsquo;altitude.<\/p>\n\n\n\n<figure class=\"wp-block-image size-large\"><img loading=\"lazy\" decoding=\"async\" width=\"1024\" height=\"683\" src=\"https:\/\/ngerard.fr\/blog\/wp-content\/uploads\/2020\/12\/image-1-1024x683.png\" alt=\"\" class=\"wp-image-386\" srcset=\"https:\/\/ngerard.fr\/blog\/wp-content\/uploads\/2020\/12\/image-1-1024x683.png 1024w, https:\/\/ngerard.fr\/blog\/wp-content\/uploads\/2020\/12\/image-1-300x200.png 300w, https:\/\/ngerard.fr\/blog\/wp-content\/uploads\/2020\/12\/image-1-768x512.png 768w, https:\/\/ngerard.fr\/blog\/wp-content\/uploads\/2020\/12\/image-1-1536x1024.png 1536w, https:\/\/ngerard.fr\/blog\/wp-content\/uploads\/2020\/12\/image-1-2048x1365.png 2048w\" sizes=\"auto, (max-width: 1024px) 100vw, 1024px\" \/><figcaption>Vue sur le Vallon du Barn depuis le Col du Barn<\/figcaption><\/figure>\n\n\n\n<p>Nous longeons ensuite le Vallon de Molli\u00e8res (aucun rapport avec le com\u00e9dien) puis le Vallon de Sal\u00e8se, principalement sur du plat puis de la descente. <br>Apr\u00e8s avoir fait une bonne portion de route peu passionnante, nous arrivons au dessus du Lac du Bor\u00e9on. <br>Nous faisons une pause sandwich \u00e0 c\u00f4t\u00e9 du Gite du Bor\u00e9on, ferm\u00e9 \u00e0 notre grand d\u00e9sarroi.<\/p>\n\n\n\n<figure class=\"wp-block-image size-large\"><img loading=\"lazy\" decoding=\"async\" width=\"1024\" height=\"768\" src=\"https:\/\/ngerard.fr\/blog\/wp-content\/uploads\/2020\/12\/image-2-1024x768.png\" alt=\"\" class=\"wp-image-387\" srcset=\"https:\/\/ngerard.fr\/blog\/wp-content\/uploads\/2020\/12\/image-2-1024x768.png 1024w, https:\/\/ngerard.fr\/blog\/wp-content\/uploads\/2020\/12\/image-2-300x225.png 300w, https:\/\/ngerard.fr\/blog\/wp-content\/uploads\/2020\/12\/image-2-768x576.png 768w, https:\/\/ngerard.fr\/blog\/wp-content\/uploads\/2020\/12\/image-2-1536x1152.png 1536w, https:\/\/ngerard.fr\/blog\/wp-content\/uploads\/2020\/12\/image-2-2048x1536.png 2048w\" sizes=\"auto, (max-width: 1024px) 100vw, 1024px\" \/><figcaption>De jolies couleurs presque automnales<\/figcaption><\/figure>\n\n\n\n<p>Nous poursuivons ensuite par une mont\u00e9e progressive en for\u00eat, alors que le temps devient de plus en plus incertain. Nous h\u00e9sitons \u00e0 faire un d\u00e9tour par le Refuge de Cougourde, mais nous continuons tout de m\u00eame sur le trac\u00e9 classique. La pluie commence \u00e0 tomber peu apr\u00e8s, nous croisons des dizaines de personnes qui pressent le pas dans le sens inverse&#8230; Puis l&rsquo;orage fait son apparition.<\/p>\n\n\n\n<p>Un gardien du parc, qui se dirige vers le Refuge, nous intime de poser le campement au Lac de Tr\u00e9colpas et de ne pas aller plus loin. Nous nous d\u00e9p\u00eachons d&rsquo;atteindre le lac, d\u00e9j\u00e0 tremp\u00e9s, et c&rsquo;est alors que j&rsquo;ai le bonheur de conna\u00eetre pour la premi\u00e8re fois l&rsquo;exp\u00e9rience de monter le tarp en vitesse sous une pluie torrentielle.<\/p>\n\n\n\n<p>Pour ajouter \u00e0 la joie, il faut imaginer un terrain avec de multiples trous, \u00e9galement parsem\u00e9 de rochers et de bouses de vaches (et avec tout autant de rochers enfouis).<br>Je pose la toile tant bien que mal, apr\u00e8s avoir plant\u00e9 les piquets \u00e0 des dizaines d&rsquo;endroits diff\u00e9rents, me heurtant sans cesse \u00e0 des cailloux, tout en me disant que vraiment, qui a pu avoir l&rsquo;id\u00e9e stupide de faire cette Grande Travers\u00e9e des Alpes&#8230;<\/p>\n\n\n\n<p>La pluie persiste, le tarp est \u00e0 moiti\u00e9 mont\u00e9 mais suffisamment pour me prot\u00e9ger, il est environ 16h&#8230;<br>J&rsquo;enfile des v\u00eatements \u00e0 peu pr\u00e8s secs et m&rsquo;enfouis dans mon duvet lui-m\u00eame prot\u00e9g\u00e9 par le sursac imperm\u00e9able.<br>En quelques minutes, je suis r\u00e9chauff\u00e9 et je m&rsquo;endors quasiment instantan\u00e9ment. (que peut-on faire d&rsquo;autre?)<\/p>\n\n\n\n<figure class=\"wp-block-image size-large\"><img loading=\"lazy\" decoding=\"async\" width=\"1024\" height=\"768\" src=\"https:\/\/ngerard.fr\/blog\/wp-content\/uploads\/2020\/12\/image-5-1024x768.png\" alt=\"\" class=\"wp-image-390\" srcset=\"https:\/\/ngerard.fr\/blog\/wp-content\/uploads\/2020\/12\/image-5-1024x768.png 1024w, https:\/\/ngerard.fr\/blog\/wp-content\/uploads\/2020\/12\/image-5-300x225.png 300w, https:\/\/ngerard.fr\/blog\/wp-content\/uploads\/2020\/12\/image-5-768x576.png 768w, https:\/\/ngerard.fr\/blog\/wp-content\/uploads\/2020\/12\/image-5-1536x1152.png 1536w, https:\/\/ngerard.fr\/blog\/wp-content\/uploads\/2020\/12\/image-5-2048x1536.png 2048w\" sizes=\"auto, (max-width: 1024px) 100vw, 1024px\" \/><figcaption>Merci pour ce moment<\/figcaption><\/figure>\n\n\n\n<p>Le r\u00e9veil se fait vers 18h30, sous un temps un peu plus calme : la pluie a cess\u00e9.<br>Je d\u00e9couvre que Maxime et Francis ont \u00e9galement profit\u00e9 d&rsquo;une bonne sieste, malgr\u00e9 l&rsquo;absence de concertation \u00e0 ce sujet.<\/p>\n\n\n\n<figure class=\"wp-block-image size-large\"><img loading=\"lazy\" decoding=\"async\" width=\"683\" height=\"1024\" src=\"https:\/\/ngerard.fr\/blog\/wp-content\/uploads\/2020\/12\/image-6-683x1024.png\" alt=\"\" class=\"wp-image-391\" srcset=\"https:\/\/ngerard.fr\/blog\/wp-content\/uploads\/2020\/12\/image-6-683x1024.png 683w, https:\/\/ngerard.fr\/blog\/wp-content\/uploads\/2020\/12\/image-6-200x300.png 200w, https:\/\/ngerard.fr\/blog\/wp-content\/uploads\/2020\/12\/image-6-768x1152.png 768w, https:\/\/ngerard.fr\/blog\/wp-content\/uploads\/2020\/12\/image-6-1024x1536.png 1024w, https:\/\/ngerard.fr\/blog\/wp-content\/uploads\/2020\/12\/image-6-1365x2048.png 1365w\" sizes=\"auto, (max-width: 683px) 100vw, 683px\" \/><figcaption>Le Lac de Tr\u00e9colpas<\/figcaption><\/figure>\n\n\n\n<p>Le Lac de Tr\u00e9colpas est d\u00e9sormais visible. Nous profitons de l&rsquo;absence de pluie pour \u00e9tendre les affaires tremp\u00e9es sur les rochers, et confectionner le repas.<br>Semoule froide, saucisson, tomme de montagne, pain, pain d&rsquo;\u00e9pices, carr\u00e9s de chocolat, muesli&#8230; tout y passe. Il faut croire que la pluie am\u00e8ne la faim, et je dois me retenir pour ne pas dilapider mes r\u00e9serves.<br>Bien entendu la pluie revient pendant le repas, qui se termine donc au chaud sous le tarp.<\/p>\n\n\n\n<figure class=\"wp-block-image size-large\"><img loading=\"lazy\" decoding=\"async\" width=\"1024\" height=\"683\" src=\"https:\/\/ngerard.fr\/blog\/wp-content\/uploads\/2020\/12\/image-4-1024x683.png\" alt=\"\" class=\"wp-image-389\" srcset=\"https:\/\/ngerard.fr\/blog\/wp-content\/uploads\/2020\/12\/image-4-1024x683.png 1024w, https:\/\/ngerard.fr\/blog\/wp-content\/uploads\/2020\/12\/image-4-300x200.png 300w, https:\/\/ngerard.fr\/blog\/wp-content\/uploads\/2020\/12\/image-4-768x512.png 768w, https:\/\/ngerard.fr\/blog\/wp-content\/uploads\/2020\/12\/image-4-1536x1024.png 1536w, https:\/\/ngerard.fr\/blog\/wp-content\/uploads\/2020\/12\/image-4-2048x1365.png 2048w\" sizes=\"auto, (max-width: 1024px) 100vw, 1024px\" \/><figcaption>La tente de Maxime et Francis<\/figcaption><\/figure>\n\n\n\n<p>Plus tard dans la soir\u00e9e, quelques chamois viennent nous souhaiter une bonne soir\u00e9e \u00e0 quelques m\u00e8tres du campement&#8230;<\/p>\n\n\n\n<figure class=\"wp-block-image size-large\"><img loading=\"lazy\" decoding=\"async\" width=\"1024\" height=\"683\" src=\"https:\/\/ngerard.fr\/blog\/wp-content\/uploads\/2020\/12\/DSC0966-1024x683.jpg\" alt=\"\" class=\"wp-image-396\" srcset=\"https:\/\/ngerard.fr\/blog\/wp-content\/uploads\/2020\/12\/DSC0966-1024x683.jpg 1024w, https:\/\/ngerard.fr\/blog\/wp-content\/uploads\/2020\/12\/DSC0966-300x200.jpg 300w, https:\/\/ngerard.fr\/blog\/wp-content\/uploads\/2020\/12\/DSC0966-768x512.jpg 768w, https:\/\/ngerard.fr\/blog\/wp-content\/uploads\/2020\/12\/DSC0966-1536x1024.jpg 1536w, https:\/\/ngerard.fr\/blog\/wp-content\/uploads\/2020\/12\/DSC0966-2048x1365.jpg 2048w\" sizes=\"auto, (max-width: 1024px) 100vw, 1024px\" \/><figcaption>Bonsoir !<\/figcaption><\/figure>\n\n\n\n<p>J&rsquo;aurais retenu de cette journ\u00e9e que malgr\u00e9 la grande n\u00e9gativit\u00e9 que l&rsquo;on peut avoir lors d&rsquo;un moment comme ce montage de tarp sous la pluie et le froid, cela ne reste qu&rsquo;un court instant d&rsquo;une journ\u00e9e, et d&rsquo;une travers\u00e9e. Il s&rsquo;agit d&rsquo;ailleurs d&rsquo;un mauvais moment lorsqu&rsquo;il est v\u00e9cu, mais il devient assez vite un bon souvenir&#8230; (ou a minima une bonne exp\u00e9rience)<\/p>\n\n\n\n<p>Cela aura \u00e9galement prouv\u00e9 la praticit\u00e9 de mon mat\u00e9riel. Le tarp a pu \u00eatre mont\u00e9 (du moins en partie) plut\u00f4t rapidement (il s&rsquo;agit d&rsquo;une simple toile pos\u00e9e sur deux b\u00e2tons&#8230;) ce qui a permis dans un premier temps de poser mon sac \u00e0 dos et toutes mes affaires \u00e0 l&rsquo;abri, au sec, pendant que je poursuivais le reste du montage.<\/p>\n\n\n\n<figure class=\"wp-block-image size-large\"><img loading=\"lazy\" decoding=\"async\" width=\"1024\" height=\"768\" src=\"https:\/\/ngerard.fr\/blog\/wp-content\/uploads\/2020\/12\/image-7-1024x768.png\" alt=\"\" class=\"wp-image-392\" srcset=\"https:\/\/ngerard.fr\/blog\/wp-content\/uploads\/2020\/12\/image-7-1024x768.png 1024w, https:\/\/ngerard.fr\/blog\/wp-content\/uploads\/2020\/12\/image-7-300x225.png 300w, https:\/\/ngerard.fr\/blog\/wp-content\/uploads\/2020\/12\/image-7-768x576.png 768w, https:\/\/ngerard.fr\/blog\/wp-content\/uploads\/2020\/12\/image-7-1536x1152.png 1536w, https:\/\/ngerard.fr\/blog\/wp-content\/uploads\/2020\/12\/image-7-2048x1536.png 2048w\" sizes=\"auto, (max-width: 1024px) 100vw, 1024px\" \/><figcaption>Le campement au cr\u00e9puscule<\/figcaption><\/figure>\n\n\n\n<p>Demain, direction la Vall\u00e9e des Merveilles pour une superbe journ\u00e9e et une grosse \u00e9tape.<\/p>\n\n\n\n<p>Bilan de la journ\u00e9e : 21km<br>Cumul\u00e9 : environ 639km<\/p>\n","protected":false},"excerpt":{"rendered":"<p>Date : lundi 10 ao\u00fbt 2020 Nous levons le camp vers 08h30 sous le soleil pour l&rsquo;instant, pour une nouvelle \u00e9tape entre deux lacs, finalement raccourcie pour cause de mauvais temps. Moi qui pensais qu&rsquo;il faisait toujours beau dans le Sud&#8230;<\/p>\n","protected":false},"author":1,"featured_media":0,"comment_status":"open","ping_status":"open","sticky":false,"template":"","format":"standard","meta":{"jetpack_post_was_ever_published":false,"_jetpack_newsletter_access":"","_jetpack_dont_email_post_to_subs":false,"_jetpack_newsletter_tier_id":0,"_jetpack_memberships_contains_paywalled_content":false,"_jetpack_memberships_contains_paid_content":false,"footnotes":"","jetpack_publicize_message":"","jetpack_publicize_feature_enabled":true,"jetpack_social_post_already_shared":true,"jetpack_social_options":{"image_generator_settings":{"template":"highway","default_image_id":0,"font":"","enabled":false},"version":2}},"categories":[4],"tags":[6,7,8],"class_list":["post-287","post","type-post","status-publish","format-standard","hentry","category-grande-traversee-des-alpes","tag-alpes","tag-gta","tag-gta2020","entry"],"jetpack_publicize_connections":[],"jetpack_featured_media_url":"","jetpack_sharing_enabled":true,"jetpack_likes_enabled":false,"_links":{"self":[{"href":"https:\/\/ngerard.fr\/blog\/wp-json\/wp\/v2\/posts\/287","targetHints":{"allow":["GET"]}}],"collection":[{"href":"https:\/\/ngerard.fr\/blog\/wp-json\/wp\/v2\/posts"}],"about":[{"href":"https:\/\/ngerard.fr\/blog\/wp-json\/wp\/v2\/types\/post"}],"author":[{"embeddable":true,"href":"https:\/\/ngerard.fr\/blog\/wp-json\/wp\/v2\/users\/1"}],"replies":[{"embeddable":true,"href":"https:\/\/ngerard.fr\/blog\/wp-json\/wp\/v2\/comments?post=287"}],"version-history":[{"count":13,"href":"https:\/\/ngerard.fr\/blog\/wp-json\/wp\/v2\/posts\/287\/revisions"}],"predecessor-version":[{"id":599,"href":"https:\/\/ngerard.fr\/blog\/wp-json\/wp\/v2\/posts\/287\/revisions\/599"}],"wp:attachment":[{"href":"https:\/\/ngerard.fr\/blog\/wp-json\/wp\/v2\/media?parent=287"}],"wp:term":[{"taxonomy":"category","embeddable":true,"href":"https:\/\/ngerard.fr\/blog\/wp-json\/wp\/v2\/categories?post=287"},{"taxonomy":"post_tag","embeddable":true,"href":"https:\/\/ngerard.fr\/blog\/wp-json\/wp\/v2\/tags?post=287"}],"curies":[{"name":"wp","href":"https:\/\/api.w.org\/{rel}","templated":true}]}}