{"id":289,"date":"2020-12-06T18:59:02","date_gmt":"2020-12-06T17:59:02","guid":{"rendered":"https:\/\/ngerard.fr\/blog\/?p=289"},"modified":"2021-06-07T23:25:17","modified_gmt":"2021-06-07T21:25:17","slug":"jour-25-lac-de-trecolpas-baisse-cavaline","status":"publish","type":"post","link":"https:\/\/ngerard.fr\/blog\/2020\/12\/06\/jour-25-lac-de-trecolpas-baisse-cavaline\/","title":{"rendered":"[GTA2020] Jour 25 : Lac de Trecolpas &#8211; Baisse Cavaline"},"content":{"rendered":"\n<figure class=\"wp-block-image size-large\"><img loading=\"lazy\" decoding=\"async\" width=\"1024\" height=\"768\" src=\"https:\/\/ngerard.fr\/blog\/wp-content\/uploads\/2020\/12\/image-9-1024x768.png\" alt=\"\" class=\"wp-image-398\" srcset=\"https:\/\/ngerard.fr\/blog\/wp-content\/uploads\/2020\/12\/image-9-1024x768.png 1024w, https:\/\/ngerard.fr\/blog\/wp-content\/uploads\/2020\/12\/image-9-300x225.png 300w, https:\/\/ngerard.fr\/blog\/wp-content\/uploads\/2020\/12\/image-9-768x576.png 768w, https:\/\/ngerard.fr\/blog\/wp-content\/uploads\/2020\/12\/image-9-1536x1152.png 1536w, https:\/\/ngerard.fr\/blog\/wp-content\/uploads\/2020\/12\/image-9-2048x1536.png 2048w\" sizes=\"auto, (max-width: 1024px) 100vw, 1024px\" \/><\/figure>\n\n\n\n<p>Date : mardi 11 ao\u00fbt 2020<\/p>\n\n\n\n<p>Une nouvelle superbe journ\u00e9e pass\u00e9e au milieu des lacs et des chamois, et avec l&rsquo;arriv\u00e9e dans la Vall\u00e9e des Merveilles, qui porte bien son nom. <br>Il s&rsquo;agit des derniers moments en haute montagne, avec les derniers passages \u00e0 2000m d&rsquo;altitude. La fin de la travers\u00e9e commence \u00e0 sembler proche&#8230;<\/p>\n\n\n\n<!--more-->\n\n\n\n<p>Les affaires tremp\u00e9es de la veille sont toujours aussi tremp\u00e9es, mais \u00e9galement un peu plus fraiches \u00e0 06h30 du matin. (un autre avantage du tarp : on peut faire s\u00e9cher ses affaires sans tremper le sol de la tente &#8230; puisqu&rsquo;il n y a pas de sol)<\/p>\n\n\n\n<figure class=\"wp-block-image size-large\"><img loading=\"lazy\" decoding=\"async\" width=\"1024\" height=\"768\" src=\"https:\/\/ngerard.fr\/blog\/wp-content\/uploads\/2020\/12\/image-8-1024x768.png\" alt=\"\" class=\"wp-image-394\" srcset=\"https:\/\/ngerard.fr\/blog\/wp-content\/uploads\/2020\/12\/image-8-1024x768.png 1024w, https:\/\/ngerard.fr\/blog\/wp-content\/uploads\/2020\/12\/image-8-300x225.png 300w, https:\/\/ngerard.fr\/blog\/wp-content\/uploads\/2020\/12\/image-8-768x576.png 768w, https:\/\/ngerard.fr\/blog\/wp-content\/uploads\/2020\/12\/image-8-1536x1152.png 1536w, https:\/\/ngerard.fr\/blog\/wp-content\/uploads\/2020\/12\/image-8-2048x1536.png 2048w\" sizes=\"auto, (max-width: 1024px) 100vw, 1024px\" \/><figcaption>Une casquette se cache parmi ces affaires &#8230;<\/figcaption><\/figure>\n\n\n\n<p>Apr\u00e8s avoir enfil\u00e9 les v\u00eatements mouill\u00e9s avec quelques difficult\u00e9s, nous observons les chamois, toujours pr\u00e9sents autour de nous, aux m\u00eames endroits que la veille. <br>Le tarp est pos\u00e9 sur le dessus du sac \u00e0 dos, le reste des v\u00eatements accroch\u00e9s tout autour, dans l&rsquo;attente du soleil pour finir de s\u00e9cher le tout en marchant.<\/p>\n\n\n\n<figure class=\"wp-block-image size-large\"><img loading=\"lazy\" decoding=\"async\" width=\"1024\" height=\"683\" src=\"https:\/\/ngerard.fr\/blog\/wp-content\/uploads\/2020\/12\/image-10-1024x683.png\" alt=\"\" class=\"wp-image-410\" srcset=\"https:\/\/ngerard.fr\/blog\/wp-content\/uploads\/2020\/12\/image-10-1024x683.png 1024w, https:\/\/ngerard.fr\/blog\/wp-content\/uploads\/2020\/12\/image-10-300x200.png 300w, https:\/\/ngerard.fr\/blog\/wp-content\/uploads\/2020\/12\/image-10-768x512.png 768w, https:\/\/ngerard.fr\/blog\/wp-content\/uploads\/2020\/12\/image-10-1536x1024.png 1536w, https:\/\/ngerard.fr\/blog\/wp-content\/uploads\/2020\/12\/image-10-2048x1365.png 2048w\" sizes=\"auto, (max-width: 1024px) 100vw, 1024px\" \/><\/figure>\n\n\n\n<p>Le Lac de Trecolpas est tout aussi joli \u00e0 mesure qu&rsquo;on s&rsquo;en \u00e9loigne, avec les changements de lumi\u00e8re qui modifient sa couleur et ses reflets, et l&rsquo;ensemble du paysage, pendant que le soleil se l\u00e8ve.<\/p>\n\n\n\n<figure class=\"wp-block-image size-large\"><img loading=\"lazy\" decoding=\"async\" width=\"1024\" height=\"768\" src=\"https:\/\/ngerard.fr\/blog\/wp-content\/uploads\/2020\/12\/image-11-1024x768.png\" alt=\"\" class=\"wp-image-411\" srcset=\"https:\/\/ngerard.fr\/blog\/wp-content\/uploads\/2020\/12\/image-11-1024x768.png 1024w, https:\/\/ngerard.fr\/blog\/wp-content\/uploads\/2020\/12\/image-11-300x225.png 300w, https:\/\/ngerard.fr\/blog\/wp-content\/uploads\/2020\/12\/image-11-768x576.png 768w, https:\/\/ngerard.fr\/blog\/wp-content\/uploads\/2020\/12\/image-11-1536x1152.png 1536w, https:\/\/ngerard.fr\/blog\/wp-content\/uploads\/2020\/12\/image-11-2048x1536.png 2048w\" sizes=\"auto, (max-width: 1024px) 100vw, 1024px\" \/><figcaption>Le Lac de Trecolpas<\/figcaption><\/figure>\n\n\n\n<figure class=\"wp-block-image size-large\"><img loading=\"lazy\" decoding=\"async\" width=\"1024\" height=\"683\" src=\"https:\/\/ngerard.fr\/blog\/wp-content\/uploads\/2020\/12\/image-12-1024x683.png\" alt=\"\" class=\"wp-image-412\" srcset=\"https:\/\/ngerard.fr\/blog\/wp-content\/uploads\/2020\/12\/image-12-1024x683.png 1024w, https:\/\/ngerard.fr\/blog\/wp-content\/uploads\/2020\/12\/image-12-300x200.png 300w, https:\/\/ngerard.fr\/blog\/wp-content\/uploads\/2020\/12\/image-12-768x512.png 768w, https:\/\/ngerard.fr\/blog\/wp-content\/uploads\/2020\/12\/image-12-1536x1024.png 1536w, https:\/\/ngerard.fr\/blog\/wp-content\/uploads\/2020\/12\/image-12-2048x1365.png 2048w\" sizes=\"auto, (max-width: 1024px) 100vw, 1024px\" \/><figcaption>Le Lac de Trecolpas, un peu plus loin<\/figcaption><\/figure>\n\n\n\n<figure class=\"wp-block-image size-large\"><img loading=\"lazy\" decoding=\"async\" width=\"1024\" height=\"683\" src=\"https:\/\/ngerard.fr\/blog\/wp-content\/uploads\/2020\/12\/image-13-1024x683.png\" alt=\"\" class=\"wp-image-413\" srcset=\"https:\/\/ngerard.fr\/blog\/wp-content\/uploads\/2020\/12\/image-13-1024x683.png 1024w, https:\/\/ngerard.fr\/blog\/wp-content\/uploads\/2020\/12\/image-13-300x200.png 300w, https:\/\/ngerard.fr\/blog\/wp-content\/uploads\/2020\/12\/image-13-768x512.png 768w, https:\/\/ngerard.fr\/blog\/wp-content\/uploads\/2020\/12\/image-13-1536x1024.png 1536w, https:\/\/ngerard.fr\/blog\/wp-content\/uploads\/2020\/12\/image-13-2048x1365.png 2048w\" sizes=\"auto, (max-width: 1024px) 100vw, 1024px\" \/><figcaption>Le Lac de Trecolpas, encore plus loin<\/figcaption><\/figure>\n\n\n\n<figure class=\"wp-block-image size-large\"><img loading=\"lazy\" decoding=\"async\" width=\"1024\" height=\"768\" src=\"https:\/\/ngerard.fr\/blog\/wp-content\/uploads\/2020\/12\/image-14-1024x768.png\" alt=\"\" class=\"wp-image-414\" srcset=\"https:\/\/ngerard.fr\/blog\/wp-content\/uploads\/2020\/12\/image-14-1024x768.png 1024w, https:\/\/ngerard.fr\/blog\/wp-content\/uploads\/2020\/12\/image-14-300x225.png 300w, https:\/\/ngerard.fr\/blog\/wp-content\/uploads\/2020\/12\/image-14-768x576.png 768w, https:\/\/ngerard.fr\/blog\/wp-content\/uploads\/2020\/12\/image-14-1536x1152.png 1536w, https:\/\/ngerard.fr\/blog\/wp-content\/uploads\/2020\/12\/image-14-2048x1536.png 2048w\" sizes=\"auto, (max-width: 1024px) 100vw, 1024px\" \/><figcaption>Le Lac de Trecolpas, toujours plus loin<\/figcaption><\/figure>\n\n\n\n<p>Apr\u00e8s environ 250m de d\u00e9nivel\u00e9, nous arrivons au Pas des Ladres (2448m d&rsquo;altitude), et d\u00e9couvrons en descendant de nouveaux troupeaux de chamois, d\u00e9sormais plus nombreux que les marmottes.<\/p>\n\n\n\n<figure class=\"wp-block-image size-large\"><img loading=\"lazy\" decoding=\"async\" width=\"1024\" height=\"683\" src=\"https:\/\/ngerard.fr\/blog\/wp-content\/uploads\/2020\/12\/image-15-1024x683.png\" alt=\"\" class=\"wp-image-415\" srcset=\"https:\/\/ngerard.fr\/blog\/wp-content\/uploads\/2020\/12\/image-15-1024x683.png 1024w, https:\/\/ngerard.fr\/blog\/wp-content\/uploads\/2020\/12\/image-15-300x200.png 300w, https:\/\/ngerard.fr\/blog\/wp-content\/uploads\/2020\/12\/image-15-768x512.png 768w, https:\/\/ngerard.fr\/blog\/wp-content\/uploads\/2020\/12\/image-15-1536x1024.png 1536w, https:\/\/ngerard.fr\/blog\/wp-content\/uploads\/2020\/12\/image-15-2048x1365.png 2048w\" sizes=\"auto, (max-width: 1024px) 100vw, 1024px\" \/><figcaption>Bon app\u00e9tit<\/figcaption><\/figure>\n\n\n\n<p>Apr\u00e8s une courte \u00e9tape au Refuge de la Madone de Fenestre&#8230; ferm\u00e9 bien entendu, nous passons par une superbe vall\u00e9e aux environs de 2000m, parsem\u00e9e de sapins et de rochers.<br>Ce doux paysage laisse vite place \u00e0 un peu d&rsquo;escalade dans les rochers, sans chemin tr\u00e8s pr\u00e9cis, mais avec tout de m\u00eame quelques balisages.<\/p>\n\n\n\n<figure class=\"wp-block-image size-large\"><img loading=\"lazy\" decoding=\"async\" width=\"1024\" height=\"768\" src=\"https:\/\/ngerard.fr\/blog\/wp-content\/uploads\/2020\/12\/image-17-1024x768.png\" alt=\"\" class=\"wp-image-417\" srcset=\"https:\/\/ngerard.fr\/blog\/wp-content\/uploads\/2020\/12\/image-17-1024x768.png 1024w, https:\/\/ngerard.fr\/blog\/wp-content\/uploads\/2020\/12\/image-17-300x225.png 300w, https:\/\/ngerard.fr\/blog\/wp-content\/uploads\/2020\/12\/image-17-768x576.png 768w, https:\/\/ngerard.fr\/blog\/wp-content\/uploads\/2020\/12\/image-17-1536x1152.png 1536w, https:\/\/ngerard.fr\/blog\/wp-content\/uploads\/2020\/12\/image-17-2048x1536.png 2048w\" sizes=\"auto, (max-width: 1024px) 100vw, 1024px\" \/><figcaption>Jeu de piste<\/figcaption><\/figure>\n\n\n\n<p>Apr\u00e8s avoir \u00e9vit\u00e9 la mort une ou deux fois (merci les b\u00e2tons), j&rsquo;arrive au Pas du Mont Colomb (2548m) avec les encouragements et les applaudissements d&rsquo;un groupe de jeunes rassembl\u00e9s en haut.<\/p>\n\n\n\n<p>Alors que l&rsquo;on pensait la haute montagne d\u00e9j\u00e0 derri\u00e8re nous, on a retrouv\u00e9 avec le Pas du Mont Colomb l&rsquo;un des passages les plus d\u00e9licats de la travers\u00e9e.<br>Et on comprend mieux alors les difficult\u00e9s dont nous parlaient certaines personnes ayant fait la travers\u00e9e dans le sens inverse en partant d\u00e9but juillet&#8230; le tout enneig\u00e9 et en plein brouillard.<\/p>\n\n\n\n<figure class=\"wp-block-image size-large\"><img loading=\"lazy\" decoding=\"async\" width=\"1024\" height=\"683\" src=\"https:\/\/ngerard.fr\/blog\/wp-content\/uploads\/2020\/12\/image-16-1024x683.png\" alt=\"\" class=\"wp-image-416\" srcset=\"https:\/\/ngerard.fr\/blog\/wp-content\/uploads\/2020\/12\/image-16-1024x683.png 1024w, https:\/\/ngerard.fr\/blog\/wp-content\/uploads\/2020\/12\/image-16-300x200.png 300w, https:\/\/ngerard.fr\/blog\/wp-content\/uploads\/2020\/12\/image-16-768x512.png 768w, https:\/\/ngerard.fr\/blog\/wp-content\/uploads\/2020\/12\/image-16-1536x1024.png 1536w, https:\/\/ngerard.fr\/blog\/wp-content\/uploads\/2020\/12\/image-16-2048x1365.png 2048w\" sizes=\"auto, (max-width: 1024px) 100vw, 1024px\" \/><figcaption>Vue du Pas du Mont Colomb. Voyez-vous le chemin ? Moi non plus.<\/figcaption><\/figure>\n\n\n\n<p>Nous repartons ensuite en descente abrupte, direction le Refuge de Nice, avec l&rsquo;espoir d&rsquo;y arriver assez t\u00f4t pour manger. Nous pressons donc le pas, et rencontrons davantage de monde de ce c\u00f4t\u00e9 de la montagne.<\/p>\n\n\n\n<figure class=\"wp-block-embed is-type-video is-provider-youtube wp-block-embed-youtube wp-embed-aspect-16-9 wp-has-aspect-ratio\"><div class=\"wp-block-embed__wrapper\">\n<iframe loading=\"lazy\" title=\"[GTA] J25 - Pas du Mont Colomb 11 ao\u00fbt 2020\" width=\"750\" height=\"422\" src=\"https:\/\/www.youtube.com\/embed\/QATdY_bT_VI?feature=oembed\" frameborder=\"0\" allow=\"accelerometer; autoplay; clipboard-write; encrypted-media; gyroscope; picture-in-picture\" allowfullscreen><\/iframe>\n<\/div><figcaption>Ce n&rsquo;est pas le bon endroit pour doubler<\/figcaption><\/figure>\n\n\n\n<figure class=\"wp-block-image size-large\"><img loading=\"lazy\" decoding=\"async\" width=\"1024\" height=\"768\" src=\"https:\/\/ngerard.fr\/blog\/wp-content\/uploads\/2020\/12\/image-18-1024x768.png\" alt=\"\" class=\"wp-image-418\" srcset=\"https:\/\/ngerard.fr\/blog\/wp-content\/uploads\/2020\/12\/image-18-1024x768.png 1024w, https:\/\/ngerard.fr\/blog\/wp-content\/uploads\/2020\/12\/image-18-300x225.png 300w, https:\/\/ngerard.fr\/blog\/wp-content\/uploads\/2020\/12\/image-18-768x576.png 768w, https:\/\/ngerard.fr\/blog\/wp-content\/uploads\/2020\/12\/image-18-1536x1152.png 1536w, https:\/\/ngerard.fr\/blog\/wp-content\/uploads\/2020\/12\/image-18-2048x1536.png 2048w\" sizes=\"auto, (max-width: 1024px) 100vw, 1024px\" \/><figcaption>Vue du Pas du Mont Colomb (c\u00f4t\u00e9 Sud-Est)<\/figcaption><\/figure>\n\n\n\n<p>Nous atteignons finalement le Refuge de Nice, aux abords du Lac de la Fous, vers 12h30&#8230; Cette fois c&rsquo;est la bonne, le repas est encore possible. <br>J&rsquo;\u00e9tends le tarp sur une barri\u00e8re pour finir le s\u00e9chage au soleil, tant qu&rsquo;il est encore l\u00e0. <br>Nous nous informons sur la m\u00e9t\u00e9o aupr\u00e8s de la gardienne (tr\u00e8s sympa), et nous obtenons confirmation qu&rsquo;il est plus que probable que nous subissions un orage. La question est de savoir quand&#8230; Nous pronostiquons aux environs de 14h, 15h.<br>En attendant, on reprend des calories, au milieu des poules qui divaguent \u00e0 nos pieds.<\/p>\n\n\n\n<figure class=\"wp-block-image size-large\"><img loading=\"lazy\" decoding=\"async\" width=\"1024\" height=\"768\" src=\"https:\/\/ngerard.fr\/blog\/wp-content\/uploads\/2020\/12\/image-19-1024x768.png\" alt=\"\" class=\"wp-image-419\" srcset=\"https:\/\/ngerard.fr\/blog\/wp-content\/uploads\/2020\/12\/image-19-1024x768.png 1024w, https:\/\/ngerard.fr\/blog\/wp-content\/uploads\/2020\/12\/image-19-300x225.png 300w, https:\/\/ngerard.fr\/blog\/wp-content\/uploads\/2020\/12\/image-19-768x576.png 768w, https:\/\/ngerard.fr\/blog\/wp-content\/uploads\/2020\/12\/image-19-1536x1152.png 1536w, https:\/\/ngerard.fr\/blog\/wp-content\/uploads\/2020\/12\/image-19-2048x1536.png 2048w\" sizes=\"auto, (max-width: 1024px) 100vw, 1024px\" \/><figcaption>Un vrai GRAND bol de caf\u00e9, et &#8230; une fameuse casquette<\/figcaption><\/figure>\n\n\n\n<figure class=\"wp-block-image size-large\"><img loading=\"lazy\" decoding=\"async\" width=\"1024\" height=\"768\" src=\"https:\/\/ngerard.fr\/blog\/wp-content\/uploads\/2020\/12\/image-20-1024x768.png\" alt=\"\" class=\"wp-image-420\" srcset=\"https:\/\/ngerard.fr\/blog\/wp-content\/uploads\/2020\/12\/image-20-1024x768.png 1024w, https:\/\/ngerard.fr\/blog\/wp-content\/uploads\/2020\/12\/image-20-300x225.png 300w, https:\/\/ngerard.fr\/blog\/wp-content\/uploads\/2020\/12\/image-20-768x576.png 768w, https:\/\/ngerard.fr\/blog\/wp-content\/uploads\/2020\/12\/image-20-1536x1152.png 1536w, https:\/\/ngerard.fr\/blog\/wp-content\/uploads\/2020\/12\/image-20-2048x1536.png 2048w\" sizes=\"auto, (max-width: 1024px) 100vw, 1024px\" \/><figcaption>Daube ni\u00e7oise et spaghettis<\/figcaption><\/figure>\n\n\n\n<p>\u00ab\u00a0Une tarte aux myrtilles ?\u00a0\u00bb \u00ab\u00a0oui, et suppl\u00e9ment chantilly s&rsquo;il vous plait\u00a0\u00bb<\/p>\n\n\n\n<figure class=\"wp-block-image size-large\"><img loading=\"lazy\" decoding=\"async\" width=\"1024\" height=\"768\" src=\"https:\/\/ngerard.fr\/blog\/wp-content\/uploads\/2020\/12\/image-21-1024x768.png\" alt=\"\" class=\"wp-image-421\" srcset=\"https:\/\/ngerard.fr\/blog\/wp-content\/uploads\/2020\/12\/image-21-1024x768.png 1024w, https:\/\/ngerard.fr\/blog\/wp-content\/uploads\/2020\/12\/image-21-300x225.png 300w, https:\/\/ngerard.fr\/blog\/wp-content\/uploads\/2020\/12\/image-21-768x576.png 768w, https:\/\/ngerard.fr\/blog\/wp-content\/uploads\/2020\/12\/image-21-1536x1152.png 1536w, https:\/\/ngerard.fr\/blog\/wp-content\/uploads\/2020\/12\/image-21-2048x1536.png 2048w\" sizes=\"auto, (max-width: 1024px) 100vw, 1024px\" \/><\/figure>\n\n\n\n<p>Nous repartons peu avant 14h, sous un ciel beaucoup plus couvert, et avec d\u00e9j\u00e0 quelques gouttes qui tombent&#8230;<\/p>\n\n\n\n<figure class=\"wp-block-image size-large\"><img loading=\"lazy\" decoding=\"async\" width=\"1024\" height=\"768\" src=\"https:\/\/ngerard.fr\/blog\/wp-content\/uploads\/2020\/12\/image-22-1024x768.png\" alt=\"\" class=\"wp-image-422\" srcset=\"https:\/\/ngerard.fr\/blog\/wp-content\/uploads\/2020\/12\/image-22-1024x768.png 1024w, https:\/\/ngerard.fr\/blog\/wp-content\/uploads\/2020\/12\/image-22-300x225.png 300w, https:\/\/ngerard.fr\/blog\/wp-content\/uploads\/2020\/12\/image-22-768x576.png 768w, https:\/\/ngerard.fr\/blog\/wp-content\/uploads\/2020\/12\/image-22-1536x1152.png 1536w, https:\/\/ngerard.fr\/blog\/wp-content\/uploads\/2020\/12\/image-22-2048x1536.png 2048w\" sizes=\"auto, (max-width: 1024px) 100vw, 1024px\" \/><figcaption>Le Refuge de Nice avec en arri\u00e8re plan le Lac de la Fous<\/figcaption><\/figure>\n\n\n\n<p>Francis acc\u00e9l\u00e8re le pas pour \u00e9viter l&rsquo;orage, Max est un peu retard\u00e9 par les chamois pr\u00e8s du Lac Nir\u00e9, et moi encore plus (il faut bien que quelqu&rsquo;un fasse les photos)<\/p>\n\n\n\n<figure class=\"wp-block-image size-large\"><img loading=\"lazy\" decoding=\"async\" width=\"1024\" height=\"768\" src=\"https:\/\/ngerard.fr\/blog\/wp-content\/uploads\/2020\/12\/image-23-1024x768.png\" alt=\"\" class=\"wp-image-423\" srcset=\"https:\/\/ngerard.fr\/blog\/wp-content\/uploads\/2020\/12\/image-23-1024x768.png 1024w, https:\/\/ngerard.fr\/blog\/wp-content\/uploads\/2020\/12\/image-23-300x225.png 300w, https:\/\/ngerard.fr\/blog\/wp-content\/uploads\/2020\/12\/image-23-768x576.png 768w, https:\/\/ngerard.fr\/blog\/wp-content\/uploads\/2020\/12\/image-23-1536x1152.png 1536w, https:\/\/ngerard.fr\/blog\/wp-content\/uploads\/2020\/12\/image-23-2048x1536.png 2048w\" sizes=\"auto, (max-width: 1024px) 100vw, 1024px\" \/><figcaption>Le Lac Nir\u00e9<\/figcaption><\/figure>\n\n\n\n<figure class=\"wp-block-embed is-type-video is-provider-youtube wp-block-embed-youtube wp-embed-aspect-16-9 wp-has-aspect-ratio\"><div class=\"wp-block-embed__wrapper\">\n<iframe loading=\"lazy\" title=\"[GTA] J25 - Lac Nir\u00e9 11 ao\u00fbt 2020 - 1\" width=\"750\" height=\"422\" src=\"https:\/\/www.youtube.com\/embed\/Oah0Qc1Zokk?feature=oembed\" frameborder=\"0\" allow=\"accelerometer; autoplay; clipboard-write; encrypted-media; gyroscope; picture-in-picture\" allowfullscreen><\/iframe>\n<\/div><\/figure>\n\n\n\n<figure class=\"wp-block-embed is-type-video is-provider-youtube wp-block-embed-youtube wp-embed-aspect-16-9 wp-has-aspect-ratio\"><div class=\"wp-block-embed__wrapper\">\n<iframe loading=\"lazy\" title=\"[GTA] J25 - Lac Nir\u00e9 11 ao\u00fbt 2020 - 2\" width=\"750\" height=\"422\" src=\"https:\/\/www.youtube.com\/embed\/UycfwOQEyIg?feature=oembed\" frameborder=\"0\" allow=\"accelerometer; autoplay; clipboard-write; encrypted-media; gyroscope; picture-in-picture\" allowfullscreen><\/iframe>\n<\/div><figcaption>De moins en moins sauvages&#8230;<\/figcaption><\/figure>\n\n\n\n<p>Les paysages sont superbes, avec beaucoup de petits lacs et sur un terrain globalement plat. Le temps est toujours incertain, mais nous \u00e9vitons pour l&rsquo;instant la pluie.<\/p>\n\n\n\n<figure class=\"wp-block-image size-large\"><img loading=\"lazy\" decoding=\"async\" width=\"1024\" height=\"768\" src=\"https:\/\/ngerard.fr\/blog\/wp-content\/uploads\/2020\/12\/image-24-1024x768.png\" alt=\"\" class=\"wp-image-424\" srcset=\"https:\/\/ngerard.fr\/blog\/wp-content\/uploads\/2020\/12\/image-24-1024x768.png 1024w, https:\/\/ngerard.fr\/blog\/wp-content\/uploads\/2020\/12\/image-24-300x225.png 300w, https:\/\/ngerard.fr\/blog\/wp-content\/uploads\/2020\/12\/image-24-768x576.png 768w, https:\/\/ngerard.fr\/blog\/wp-content\/uploads\/2020\/12\/image-24-1536x1152.png 1536w, https:\/\/ngerard.fr\/blog\/wp-content\/uploads\/2020\/12\/image-24-2048x1536.png 2048w\" sizes=\"auto, (max-width: 1024px) 100vw, 1024px\" \/><\/figure>\n\n\n\n<figure class=\"wp-block-image size-large\"><img loading=\"lazy\" decoding=\"async\" width=\"1024\" height=\"768\" src=\"https:\/\/ngerard.fr\/blog\/wp-content\/uploads\/2020\/12\/image-25-1024x768.png\" alt=\"\" class=\"wp-image-425\" srcset=\"https:\/\/ngerard.fr\/blog\/wp-content\/uploads\/2020\/12\/image-25-1024x768.png 1024w, https:\/\/ngerard.fr\/blog\/wp-content\/uploads\/2020\/12\/image-25-300x225.png 300w, https:\/\/ngerard.fr\/blog\/wp-content\/uploads\/2020\/12\/image-25-768x576.png 768w, https:\/\/ngerard.fr\/blog\/wp-content\/uploads\/2020\/12\/image-25-1536x1152.png 1536w, https:\/\/ngerard.fr\/blog\/wp-content\/uploads\/2020\/12\/image-25-2048x1536.png 2048w\" sizes=\"auto, (max-width: 1024px) 100vw, 1024px\" \/><\/figure>\n\n\n\n<figure class=\"wp-block-image size-large\"><img loading=\"lazy\" decoding=\"async\" width=\"1024\" height=\"768\" src=\"https:\/\/ngerard.fr\/blog\/wp-content\/uploads\/2020\/12\/image-27-1024x768.png\" alt=\"\" class=\"wp-image-427\" srcset=\"https:\/\/ngerard.fr\/blog\/wp-content\/uploads\/2020\/12\/image-27-1024x768.png 1024w, https:\/\/ngerard.fr\/blog\/wp-content\/uploads\/2020\/12\/image-27-300x225.png 300w, https:\/\/ngerard.fr\/blog\/wp-content\/uploads\/2020\/12\/image-27-768x576.png 768w, https:\/\/ngerard.fr\/blog\/wp-content\/uploads\/2020\/12\/image-27-1536x1152.png 1536w, https:\/\/ngerard.fr\/blog\/wp-content\/uploads\/2020\/12\/image-27-2048x1536.png 2048w\" sizes=\"auto, (max-width: 1024px) 100vw, 1024px\" \/><\/figure>\n\n\n\n<figure class=\"wp-block-image size-large\"><img loading=\"lazy\" decoding=\"async\" width=\"1024\" height=\"768\" src=\"https:\/\/ngerard.fr\/blog\/wp-content\/uploads\/2020\/12\/image-28-1024x768.png\" alt=\"\" class=\"wp-image-428\" srcset=\"https:\/\/ngerard.fr\/blog\/wp-content\/uploads\/2020\/12\/image-28-1024x768.png 1024w, https:\/\/ngerard.fr\/blog\/wp-content\/uploads\/2020\/12\/image-28-300x225.png 300w, https:\/\/ngerard.fr\/blog\/wp-content\/uploads\/2020\/12\/image-28-768x576.png 768w, https:\/\/ngerard.fr\/blog\/wp-content\/uploads\/2020\/12\/image-28-1536x1152.png 1536w, https:\/\/ngerard.fr\/blog\/wp-content\/uploads\/2020\/12\/image-28-2048x1536.png 2048w\" sizes=\"auto, (max-width: 1024px) 100vw, 1024px\" \/><\/figure>\n\n\n\n<figure class=\"wp-block-image size-large\"><img loading=\"lazy\" decoding=\"async\" width=\"1024\" height=\"768\" src=\"https:\/\/ngerard.fr\/blog\/wp-content\/uploads\/2020\/12\/image-29-1024x768.png\" alt=\"\" class=\"wp-image-429\" srcset=\"https:\/\/ngerard.fr\/blog\/wp-content\/uploads\/2020\/12\/image-29-1024x768.png 1024w, https:\/\/ngerard.fr\/blog\/wp-content\/uploads\/2020\/12\/image-29-300x225.png 300w, https:\/\/ngerard.fr\/blog\/wp-content\/uploads\/2020\/12\/image-29-768x576.png 768w, https:\/\/ngerard.fr\/blog\/wp-content\/uploads\/2020\/12\/image-29-1536x1152.png 1536w, https:\/\/ngerard.fr\/blog\/wp-content\/uploads\/2020\/12\/image-29-2048x1536.png 2048w\" sizes=\"auto, (max-width: 1024px) 100vw, 1024px\" \/><\/figure>\n\n\n\n<p>Nous arrivons enfin \u00e0 la Baisse du Basto, 2693m d&rsquo;altitude, \u00e0 la recherche du soleil derri\u00e8re les nuages&#8230; Le ciel devient lui de plus en plus impressionnant, m\u00e9lange de noir, de gris fonc\u00e9, de blanc et de rouge orang\u00e9 \u00e0 l&rsquo;horizon. Je range puis ressors mon appareil photo 2 ou 3 fois, en fonction de la quantit\u00e9 de gouttes qui commence \u00e0 tomber, et de la beaut\u00e9 du paysage.<\/p>\n\n\n\n<figure class=\"wp-block-image size-large\"><img loading=\"lazy\" decoding=\"async\" width=\"1024\" height=\"768\" src=\"https:\/\/ngerard.fr\/blog\/wp-content\/uploads\/2020\/12\/image-30-1024x768.png\" alt=\"\" class=\"wp-image-430\" srcset=\"https:\/\/ngerard.fr\/blog\/wp-content\/uploads\/2020\/12\/image-30-1024x768.png 1024w, https:\/\/ngerard.fr\/blog\/wp-content\/uploads\/2020\/12\/image-30-300x225.png 300w, https:\/\/ngerard.fr\/blog\/wp-content\/uploads\/2020\/12\/image-30-768x576.png 768w, https:\/\/ngerard.fr\/blog\/wp-content\/uploads\/2020\/12\/image-30-1536x1152.png 1536w, https:\/\/ngerard.fr\/blog\/wp-content\/uploads\/2020\/12\/image-30-2048x1536.png 2048w\" sizes=\"auto, (max-width: 1024px) 100vw, 1024px\" \/><\/figure>\n\n\n\n<figure class=\"wp-block-image size-large\"><img loading=\"lazy\" decoding=\"async\" width=\"1024\" height=\"768\" src=\"https:\/\/ngerard.fr\/blog\/wp-content\/uploads\/2020\/12\/image-31-1024x768.png\" alt=\"\" class=\"wp-image-431\" srcset=\"https:\/\/ngerard.fr\/blog\/wp-content\/uploads\/2020\/12\/image-31-1024x768.png 1024w, https:\/\/ngerard.fr\/blog\/wp-content\/uploads\/2020\/12\/image-31-300x225.png 300w, https:\/\/ngerard.fr\/blog\/wp-content\/uploads\/2020\/12\/image-31-768x576.png 768w, https:\/\/ngerard.fr\/blog\/wp-content\/uploads\/2020\/12\/image-31-1536x1152.png 1536w, https:\/\/ngerard.fr\/blog\/wp-content\/uploads\/2020\/12\/image-31-2048x1536.png 2048w\" sizes=\"auto, (max-width: 1024px) 100vw, 1024px\" \/><\/figure>\n\n\n\n<figure class=\"wp-block-image size-large\"><img loading=\"lazy\" decoding=\"async\" width=\"1024\" height=\"768\" src=\"https:\/\/ngerard.fr\/blog\/wp-content\/uploads\/2020\/12\/image-32-1024x768.png\" alt=\"\" class=\"wp-image-432\" srcset=\"https:\/\/ngerard.fr\/blog\/wp-content\/uploads\/2020\/12\/image-32-1024x768.png 1024w, https:\/\/ngerard.fr\/blog\/wp-content\/uploads\/2020\/12\/image-32-300x225.png 300w, https:\/\/ngerard.fr\/blog\/wp-content\/uploads\/2020\/12\/image-32-768x576.png 768w, https:\/\/ngerard.fr\/blog\/wp-content\/uploads\/2020\/12\/image-32-1536x1152.png 1536w, https:\/\/ngerard.fr\/blog\/wp-content\/uploads\/2020\/12\/image-32-2048x1536.png 2048w\" sizes=\"auto, (max-width: 1024px) 100vw, 1024px\" \/><\/figure>\n\n\n\n<figure class=\"wp-block-image size-large\"><img loading=\"lazy\" decoding=\"async\" width=\"1024\" height=\"768\" src=\"https:\/\/ngerard.fr\/blog\/wp-content\/uploads\/2020\/12\/image-33-1024x768.png\" alt=\"\" class=\"wp-image-433\" srcset=\"https:\/\/ngerard.fr\/blog\/wp-content\/uploads\/2020\/12\/image-33-1024x768.png 1024w, https:\/\/ngerard.fr\/blog\/wp-content\/uploads\/2020\/12\/image-33-300x225.png 300w, https:\/\/ngerard.fr\/blog\/wp-content\/uploads\/2020\/12\/image-33-768x576.png 768w, https:\/\/ngerard.fr\/blog\/wp-content\/uploads\/2020\/12\/image-33-1536x1152.png 1536w, https:\/\/ngerard.fr\/blog\/wp-content\/uploads\/2020\/12\/image-33-2048x1536.png 2048w\" sizes=\"auto, (max-width: 1024px) 100vw, 1024px\" \/><\/figure>\n\n\n\n<p>Nous retrouvons les chamois \u00e0 quelques m\u00e8tres de nous, peu apr\u00e8s la Baisse du Basto, toujours aussi peu farouches. Il semble aussi inquiets de la m\u00e9t\u00e9o que de notre pr\u00e9sence.<br>De notre c\u00f4t\u00e9, nous r\u00e9fl\u00e9chissons grandement aux options de repli en cas d&rsquo;orage : un gros rocher sous lequel s&rsquo;abriter ? Monter le tarp en vitesse ? Continuer \u00e0 randonner avec les v\u00eatements de pluie ?<\/p>\n\n\n\n<figure class=\"wp-block-image size-large\"><img loading=\"lazy\" decoding=\"async\" width=\"1024\" height=\"683\" src=\"https:\/\/ngerard.fr\/blog\/wp-content\/uploads\/2020\/12\/image-34-1024x683.png\" alt=\"\" class=\"wp-image-434\" srcset=\"https:\/\/ngerard.fr\/blog\/wp-content\/uploads\/2020\/12\/image-34-1024x683.png 1024w, https:\/\/ngerard.fr\/blog\/wp-content\/uploads\/2020\/12\/image-34-300x200.png 300w, https:\/\/ngerard.fr\/blog\/wp-content\/uploads\/2020\/12\/image-34-768x512.png 768w, https:\/\/ngerard.fr\/blog\/wp-content\/uploads\/2020\/12\/image-34-1536x1024.png 1536w, https:\/\/ngerard.fr\/blog\/wp-content\/uploads\/2020\/12\/image-34-2048x1365.png 2048w\" sizes=\"auto, (max-width: 1024px) 100vw, 1024px\" \/><\/figure>\n\n\n\n<figure class=\"wp-block-image size-large\"><img loading=\"lazy\" decoding=\"async\" width=\"1024\" height=\"683\" src=\"https:\/\/ngerard.fr\/blog\/wp-content\/uploads\/2020\/12\/image-35-1024x683.png\" alt=\"\" class=\"wp-image-435\" srcset=\"https:\/\/ngerard.fr\/blog\/wp-content\/uploads\/2020\/12\/image-35-1024x683.png 1024w, https:\/\/ngerard.fr\/blog\/wp-content\/uploads\/2020\/12\/image-35-300x200.png 300w, https:\/\/ngerard.fr\/blog\/wp-content\/uploads\/2020\/12\/image-35-768x512.png 768w, https:\/\/ngerard.fr\/blog\/wp-content\/uploads\/2020\/12\/image-35-1536x1024.png 1536w, https:\/\/ngerard.fr\/blog\/wp-content\/uploads\/2020\/12\/image-35-2048x1365.png 2048w\" sizes=\"auto, (max-width: 1024px) 100vw, 1024px\" \/><\/figure>\n\n\n\n<figure class=\"wp-block-image size-large\"><img loading=\"lazy\" decoding=\"async\" width=\"1024\" height=\"683\" src=\"https:\/\/ngerard.fr\/blog\/wp-content\/uploads\/2020\/12\/image-36-1024x683.png\" alt=\"\" class=\"wp-image-436\" srcset=\"https:\/\/ngerard.fr\/blog\/wp-content\/uploads\/2020\/12\/image-36-1024x683.png 1024w, https:\/\/ngerard.fr\/blog\/wp-content\/uploads\/2020\/12\/image-36-300x200.png 300w, https:\/\/ngerard.fr\/blog\/wp-content\/uploads\/2020\/12\/image-36-768x512.png 768w, https:\/\/ngerard.fr\/blog\/wp-content\/uploads\/2020\/12\/image-36-1536x1024.png 1536w, https:\/\/ngerard.fr\/blog\/wp-content\/uploads\/2020\/12\/image-36-2048x1365.png 2048w\" sizes=\"auto, (max-width: 1024px) 100vw, 1024px\" \/><\/figure>\n\n\n\n<p>Le tr\u00e8s grand Lac du Basto fait son apparition, aussi gris que le ciel, mais n\u00e9anmoins superbe.<\/p>\n\n\n\n<figure class=\"wp-block-image size-large\"><img loading=\"lazy\" decoding=\"async\" width=\"1024\" height=\"683\" src=\"https:\/\/ngerard.fr\/blog\/wp-content\/uploads\/2020\/12\/image-37-1024x683.png\" alt=\"\" class=\"wp-image-437\" srcset=\"https:\/\/ngerard.fr\/blog\/wp-content\/uploads\/2020\/12\/image-37-1024x683.png 1024w, https:\/\/ngerard.fr\/blog\/wp-content\/uploads\/2020\/12\/image-37-300x200.png 300w, https:\/\/ngerard.fr\/blog\/wp-content\/uploads\/2020\/12\/image-37-768x512.png 768w, https:\/\/ngerard.fr\/blog\/wp-content\/uploads\/2020\/12\/image-37-1536x1024.png 1536w, https:\/\/ngerard.fr\/blog\/wp-content\/uploads\/2020\/12\/image-37-2048x1365.png 2048w\" sizes=\"auto, (max-width: 1024px) 100vw, 1024px\" \/><figcaption>Le Lac du Basto<\/figcaption><\/figure>\n\n\n\n<p>Nous redescendons un peu en direction du lac, \u00e0 un endroit plat o\u00f9 plusieurs personnes ont plant\u00e9 leurs tentes. Nous restons l\u00e0 quelques temps en attendant de voir si la m\u00e9t\u00e9o \u00e9volue&#8230; Encore une fois h\u00e9sitant \u00e0 monter un tarp pour se prot\u00e9ger d&rsquo;un \u00e9ventuel orage.<\/p>\n\n\n\n<p>Une derni\u00e8re mont\u00e9e nous s\u00e9pare de la Vall\u00e9e des Merveilles, nous essayons donc d&rsquo;estimer \u00e0 vue de nez le temps pour l&rsquo;effectuer&#8230; et les risques en cas d&rsquo;orage soudain.<br>Alors que je dis \u00e0 Max \u00ab\u00a0L\u00e0 \u00e7a a l&rsquo;air de s&rsquo;am\u00e9liorer quand m\u00eame, l&rsquo;orage semble \u00eatre plut\u00f4t du c\u00f4t\u00e9 o\u00f9 l&rsquo;on vient\u00a0\u00bb, le tonnerre gronde quelques secondes plus tard.<\/p>\n\n\n\n<figure class=\"wp-block-image size-large\"><img loading=\"lazy\" decoding=\"async\" width=\"1024\" height=\"683\" src=\"https:\/\/ngerard.fr\/blog\/wp-content\/uploads\/2020\/12\/image-39-1024x683.png\" alt=\"\" class=\"wp-image-439\" srcset=\"https:\/\/ngerard.fr\/blog\/wp-content\/uploads\/2020\/12\/image-39-1024x683.png 1024w, https:\/\/ngerard.fr\/blog\/wp-content\/uploads\/2020\/12\/image-39-300x200.png 300w, https:\/\/ngerard.fr\/blog\/wp-content\/uploads\/2020\/12\/image-39-768x512.png 768w, https:\/\/ngerard.fr\/blog\/wp-content\/uploads\/2020\/12\/image-39-1536x1024.png 1536w, https:\/\/ngerard.fr\/blog\/wp-content\/uploads\/2020\/12\/image-39-2048x1365.png 2048w\" sizes=\"auto, (max-width: 1024px) 100vw, 1024px\" \/><figcaption>On campe ou on d\u00e9campe ? (\u00e9lu jeu de mots de l&rsquo;ann\u00e9e 2020)<\/figcaption><\/figure>\n\n\n\n<p>Nous sommes globalement tous les trois motiv\u00e9s et en forme pour continuer&#8230; ce que nous faisons apr\u00e8s avoir \u00e9tudi\u00e9 une derni\u00e8re fois le ciel et \u00eatre devenus m\u00e9t\u00e9orologistes pendant l&rsquo;espace de quelques minutes. (\u00ab\u00a0<em>Les nuages ont l&rsquo;air de descendre de cette direction<\/em>\u00a0\u00bb \u00ab\u00a0<em>Non mais l\u00e0 c&rsquo;est bon le soleil il perce pile sur notre chemin \u00e0 travers tous les nuages noirs<\/em>\u00a0\u00bb \u00ab\u00a0<em>en une demie-heure m\u00eame pas on est en haut<\/em>\u00ab\u00a0)<\/p>\n\n\n\n<figure class=\"wp-block-image size-large is-resized\"><img loading=\"lazy\" decoding=\"async\" src=\"https:\/\/ngerard.fr\/blog\/wp-content\/uploads\/2020\/12\/image-38-1024x768.png\" alt=\"\" class=\"wp-image-438\" width=\"674\" height=\"505\" srcset=\"https:\/\/ngerard.fr\/blog\/wp-content\/uploads\/2020\/12\/image-38-1024x768.png 1024w, https:\/\/ngerard.fr\/blog\/wp-content\/uploads\/2020\/12\/image-38-300x225.png 300w, https:\/\/ngerard.fr\/blog\/wp-content\/uploads\/2020\/12\/image-38-768x576.png 768w, https:\/\/ngerard.fr\/blog\/wp-content\/uploads\/2020\/12\/image-38-1536x1152.png 1536w, https:\/\/ngerard.fr\/blog\/wp-content\/uploads\/2020\/12\/image-38-2048x1536.png 2048w\" sizes=\"auto, (max-width: 674px) 100vw, 674px\" \/><figcaption>Adieu Lac du Basto !<\/figcaption><\/figure>\n\n\n\n<p>Notre objectif est donc la Baisse de Valmasque (2549m), le petit col ci-dessous, unique endroit o\u00f9 le ciel est d\u00e9gag\u00e9, comme un signe pour nous pousser \u00e0 continuer.<\/p>\n\n\n\n<figure class=\"wp-block-image size-large\"><img loading=\"lazy\" decoding=\"async\" width=\"1024\" height=\"683\" src=\"https:\/\/ngerard.fr\/blog\/wp-content\/uploads\/2020\/12\/image-40-1024x683.png\" alt=\"\" class=\"wp-image-440\" srcset=\"https:\/\/ngerard.fr\/blog\/wp-content\/uploads\/2020\/12\/image-40-1024x683.png 1024w, https:\/\/ngerard.fr\/blog\/wp-content\/uploads\/2020\/12\/image-40-300x200.png 300w, https:\/\/ngerard.fr\/blog\/wp-content\/uploads\/2020\/12\/image-40-768x512.png 768w, https:\/\/ngerard.fr\/blog\/wp-content\/uploads\/2020\/12\/image-40-1536x1024.png 1536w, https:\/\/ngerard.fr\/blog\/wp-content\/uploads\/2020\/12\/image-40-2048x1365.png 2048w\" sizes=\"auto, (max-width: 1024px) 100vw, 1024px\" \/><figcaption>La Baisse de Valmasque<\/figcaption><\/figure>\n\n\n\n<figure class=\"wp-block-image size-large\"><img loading=\"lazy\" decoding=\"async\" width=\"1024\" height=\"683\" src=\"https:\/\/ngerard.fr\/blog\/wp-content\/uploads\/2020\/12\/image-41-1024x683.png\" alt=\"\" class=\"wp-image-441\" srcset=\"https:\/\/ngerard.fr\/blog\/wp-content\/uploads\/2020\/12\/image-41-1024x683.png 1024w, https:\/\/ngerard.fr\/blog\/wp-content\/uploads\/2020\/12\/image-41-300x200.png 300w, https:\/\/ngerard.fr\/blog\/wp-content\/uploads\/2020\/12\/image-41-768x512.png 768w, https:\/\/ngerard.fr\/blog\/wp-content\/uploads\/2020\/12\/image-41-1536x1024.png 1536w, https:\/\/ngerard.fr\/blog\/wp-content\/uploads\/2020\/12\/image-41-2048x1365.png 2048w\" sizes=\"auto, (max-width: 1024px) 100vw, 1024px\" \/><figcaption>Le Lac du Basto<\/figcaption><\/figure>\n\n\n\n<p>20 minutes apr\u00e8s, nous atteignons la Baisse de Valmasque, o\u00f9 nous nous f\u00e9licitons de notre choix : le temps est superbe de ce c\u00f4t\u00e9 de la vall\u00e9e.<\/p>\n\n\n\n<figure class=\"wp-block-image size-large\"><img loading=\"lazy\" decoding=\"async\" width=\"1024\" height=\"768\" src=\"https:\/\/ngerard.fr\/blog\/wp-content\/uploads\/2020\/12\/image-42-1024x768.png\" alt=\"\" class=\"wp-image-442\" srcset=\"https:\/\/ngerard.fr\/blog\/wp-content\/uploads\/2020\/12\/image-42-1024x768.png 1024w, https:\/\/ngerard.fr\/blog\/wp-content\/uploads\/2020\/12\/image-42-300x225.png 300w, https:\/\/ngerard.fr\/blog\/wp-content\/uploads\/2020\/12\/image-42-768x576.png 768w, https:\/\/ngerard.fr\/blog\/wp-content\/uploads\/2020\/12\/image-42-1536x1152.png 1536w, https:\/\/ngerard.fr\/blog\/wp-content\/uploads\/2020\/12\/image-42-2048x1536.png 2048w\" sizes=\"auto, (max-width: 1024px) 100vw, 1024px\" \/><figcaption>La Vall\u00e9e des Merveilles<\/figcaption><\/figure>\n\n\n\n<figure class=\"wp-block-image size-large\"><img loading=\"lazy\" decoding=\"async\" width=\"1024\" height=\"683\" src=\"https:\/\/ngerard.fr\/blog\/wp-content\/uploads\/2020\/12\/image-43-1024x683.png\" alt=\"\" class=\"wp-image-443\" srcset=\"https:\/\/ngerard.fr\/blog\/wp-content\/uploads\/2020\/12\/image-43-1024x683.png 1024w, https:\/\/ngerard.fr\/blog\/wp-content\/uploads\/2020\/12\/image-43-300x200.png 300w, https:\/\/ngerard.fr\/blog\/wp-content\/uploads\/2020\/12\/image-43-768x512.png 768w, https:\/\/ngerard.fr\/blog\/wp-content\/uploads\/2020\/12\/image-43-1536x1024.png 1536w, https:\/\/ngerard.fr\/blog\/wp-content\/uploads\/2020\/12\/image-43-2048x1365.png 2048w\" sizes=\"auto, (max-width: 1024px) 100vw, 1024px\" \/><figcaption>La Vall\u00e9e des Merveilles bis<\/figcaption><\/figure>\n\n\n\n<p>Nous sommes donc au sein de la Vall\u00e9e des Merveilles, o\u00f9 se trouvent des dizaines de milliers de gravures rupestres. <br>Nous rangeons les b\u00e2tons de rando dans le sac (ceux-ci sont interdits dans la Vall\u00e9e pour \u00e9viter de d\u00e9grader les peintures) et poursuivons le chemin, sous un beau soleil presque irr\u00e9el.<\/p>\n\n\n\n<figure class=\"wp-block-image size-large\"><img loading=\"lazy\" decoding=\"async\" width=\"1024\" height=\"768\" src=\"https:\/\/ngerard.fr\/blog\/wp-content\/uploads\/2020\/12\/image-45-1024x768.png\" alt=\"\" class=\"wp-image-445\" srcset=\"https:\/\/ngerard.fr\/blog\/wp-content\/uploads\/2020\/12\/image-45-1024x768.png 1024w, https:\/\/ngerard.fr\/blog\/wp-content\/uploads\/2020\/12\/image-45-300x225.png 300w, https:\/\/ngerard.fr\/blog\/wp-content\/uploads\/2020\/12\/image-45-768x576.png 768w, https:\/\/ngerard.fr\/blog\/wp-content\/uploads\/2020\/12\/image-45-1536x1152.png 1536w, https:\/\/ngerard.fr\/blog\/wp-content\/uploads\/2020\/12\/image-45-2048x1536.png 2048w\" sizes=\"auto, (max-width: 1024px) 100vw, 1024px\" \/><figcaption>Au fond, le Lac des Merveilles<\/figcaption><\/figure>\n\n\n\n<figure class=\"wp-block-image size-large\"><img loading=\"lazy\" decoding=\"async\" width=\"1024\" height=\"683\" src=\"https:\/\/ngerard.fr\/blog\/wp-content\/uploads\/2020\/12\/image-46-1024x683.png\" alt=\"\" class=\"wp-image-446\" srcset=\"https:\/\/ngerard.fr\/blog\/wp-content\/uploads\/2020\/12\/image-46-1024x683.png 1024w, https:\/\/ngerard.fr\/blog\/wp-content\/uploads\/2020\/12\/image-46-300x200.png 300w, https:\/\/ngerard.fr\/blog\/wp-content\/uploads\/2020\/12\/image-46-768x512.png 768w, https:\/\/ngerard.fr\/blog\/wp-content\/uploads\/2020\/12\/image-46-1536x1024.png 1536w, https:\/\/ngerard.fr\/blog\/wp-content\/uploads\/2020\/12\/image-46-2048x1365.png 2048w\" sizes=\"auto, (max-width: 1024px) 100vw, 1024px\" \/><\/figure>\n\n\n\n<p>Nous faisons un court arr\u00eat au Refuge des Merveilles, pr\u00e8s du Lac Long Sup\u00e9rieur, pour une pause bi\u00e8re et plateaux de fromages\/charcuteries. <br>L&rsquo;endroit est fortement peupl\u00e9 et bruyant, nous ne trainons donc pas, et repartons apr\u00e8s avoir rempli nos poches \u00e0 eau.<\/p>\n\n\n\n<figure class=\"wp-block-image size-large\"><img loading=\"lazy\" decoding=\"async\" width=\"1024\" height=\"683\" src=\"https:\/\/ngerard.fr\/blog\/wp-content\/uploads\/2020\/12\/image-47-1024x683.png\" alt=\"\" class=\"wp-image-447\" srcset=\"https:\/\/ngerard.fr\/blog\/wp-content\/uploads\/2020\/12\/image-47-1024x683.png 1024w, https:\/\/ngerard.fr\/blog\/wp-content\/uploads\/2020\/12\/image-47-300x200.png 300w, https:\/\/ngerard.fr\/blog\/wp-content\/uploads\/2020\/12\/image-47-768x512.png 768w, https:\/\/ngerard.fr\/blog\/wp-content\/uploads\/2020\/12\/image-47-1536x1024.png 1536w, https:\/\/ngerard.fr\/blog\/wp-content\/uploads\/2020\/12\/image-47-2048x1365.png 2048w\" sizes=\"auto, (max-width: 1024px) 100vw, 1024px\" \/><figcaption>Le Lac Long Sup\u00e9rieur<\/figcaption><\/figure>\n\n\n\n<p>Nous rencontrons peu de temps apr\u00e8s une gardienne du Parc, qui nous questionne un peu, gentiment mais probablement avec un peu de m\u00e9fiance (il est 19h), en nous signalant que le bivouac est interdit jusqu&rsquo;au Pas du Diable (ce que nous savions). <br>Il existe en effet des emplacements de bivouac \u00e0 proximit\u00e9 du refuge, ce qui ne nous tentait pas vraiment au vu du nombre de personnes sur place.<br>Nous lui confirmons donc que nous avons effectivement pr\u00e9vu de d\u00e9passer le Pas du Diable avant de planter la tente.<\/p>\n\n\n\n<figure class=\"wp-block-image size-large\"><img loading=\"lazy\" decoding=\"async\" width=\"1024\" height=\"654\" src=\"https:\/\/ngerard.fr\/blog\/wp-content\/uploads\/2020\/12\/image-48-1024x654.png\" alt=\"\" class=\"wp-image-448\" srcset=\"https:\/\/ngerard.fr\/blog\/wp-content\/uploads\/2020\/12\/image-48-1024x654.png 1024w, https:\/\/ngerard.fr\/blog\/wp-content\/uploads\/2020\/12\/image-48-300x192.png 300w, https:\/\/ngerard.fr\/blog\/wp-content\/uploads\/2020\/12\/image-48-768x490.png 768w, https:\/\/ngerard.fr\/blog\/wp-content\/uploads\/2020\/12\/image-48-1536x981.png 1536w, https:\/\/ngerard.fr\/blog\/wp-content\/uploads\/2020\/12\/image-48-2048x1308.png 2048w\" sizes=\"auto, (max-width: 1024px) 100vw, 1024px\" \/><figcaption>Quelques gouttes de pluie font leur retour<\/figcaption><\/figure>\n\n\n\n<figure class=\"wp-block-image size-large\"><img loading=\"lazy\" decoding=\"async\" width=\"1024\" height=\"768\" src=\"https:\/\/ngerard.fr\/blog\/wp-content\/uploads\/2020\/12\/image-49-1024x768.png\" alt=\"\" class=\"wp-image-449\" srcset=\"https:\/\/ngerard.fr\/blog\/wp-content\/uploads\/2020\/12\/image-49-1024x768.png 1024w, https:\/\/ngerard.fr\/blog\/wp-content\/uploads\/2020\/12\/image-49-300x225.png 300w, https:\/\/ngerard.fr\/blog\/wp-content\/uploads\/2020\/12\/image-49-768x576.png 768w, https:\/\/ngerard.fr\/blog\/wp-content\/uploads\/2020\/12\/image-49-1536x1152.png 1536w, https:\/\/ngerard.fr\/blog\/wp-content\/uploads\/2020\/12\/image-49-2048x1536.png 2048w\" sizes=\"auto, (max-width: 1024px) 100vw, 1024px\" \/><\/figure>\n\n\n\n<figure class=\"wp-block-image size-large\"><img loading=\"lazy\" decoding=\"async\" width=\"1024\" height=\"768\" src=\"https:\/\/ngerard.fr\/blog\/wp-content\/uploads\/2020\/12\/image-50-1024x768.png\" alt=\"\" class=\"wp-image-450\" srcset=\"https:\/\/ngerard.fr\/blog\/wp-content\/uploads\/2020\/12\/image-50-1024x768.png 1024w, https:\/\/ngerard.fr\/blog\/wp-content\/uploads\/2020\/12\/image-50-300x225.png 300w, https:\/\/ngerard.fr\/blog\/wp-content\/uploads\/2020\/12\/image-50-768x576.png 768w, https:\/\/ngerard.fr\/blog\/wp-content\/uploads\/2020\/12\/image-50-1536x1152.png 1536w, https:\/\/ngerard.fr\/blog\/wp-content\/uploads\/2020\/12\/image-50-2048x1536.png 2048w\" sizes=\"auto, (max-width: 1024px) 100vw, 1024px\" \/><figcaption>Lac de la Muta<\/figcaption><\/figure>\n\n\n\n<figure class=\"wp-block-image size-large\"><img loading=\"lazy\" decoding=\"async\" width=\"1024\" height=\"683\" src=\"https:\/\/ngerard.fr\/blog\/wp-content\/uploads\/2020\/12\/image-51-1024x683.png\" alt=\"\" class=\"wp-image-451\" srcset=\"https:\/\/ngerard.fr\/blog\/wp-content\/uploads\/2020\/12\/image-51-1024x683.png 1024w, https:\/\/ngerard.fr\/blog\/wp-content\/uploads\/2020\/12\/image-51-300x200.png 300w, https:\/\/ngerard.fr\/blog\/wp-content\/uploads\/2020\/12\/image-51-768x512.png 768w, https:\/\/ngerard.fr\/blog\/wp-content\/uploads\/2020\/12\/image-51-1536x1024.png 1536w, https:\/\/ngerard.fr\/blog\/wp-content\/uploads\/2020\/12\/image-51-2048x1365.png 2048w\" sizes=\"auto, (max-width: 1024px) 100vw, 1024px\" \/><figcaption>Lac de la Muta bis<\/figcaption><\/figure>\n\n\n\n<p>Apr\u00e8s avoir rencontr\u00e9 quelques lacs (Lac Fourca, Lac du Trem, Lac de la Muta), nous arrivons au Pas du Diable (2440m) vers 19h30, que nous d\u00e9passons pour bivouaquer peu apr\u00e8s, entre le Pas du Diable et la Baisse Cavaline, sur un petit coin plus ou moins plat, au milieu des moustiques.<\/p>\n\n\n\n<figure class=\"wp-block-image size-large\"><img loading=\"lazy\" decoding=\"async\" width=\"1024\" height=\"768\" src=\"https:\/\/ngerard.fr\/blog\/wp-content\/uploads\/2020\/12\/image-76-1024x768.png\" alt=\"\" class=\"wp-image-486\" srcset=\"https:\/\/ngerard.fr\/blog\/wp-content\/uploads\/2020\/12\/image-76-1024x768.png 1024w, https:\/\/ngerard.fr\/blog\/wp-content\/uploads\/2020\/12\/image-76-300x225.png 300w, https:\/\/ngerard.fr\/blog\/wp-content\/uploads\/2020\/12\/image-76-768x576.png 768w, https:\/\/ngerard.fr\/blog\/wp-content\/uploads\/2020\/12\/image-76-1536x1152.png 1536w, https:\/\/ngerard.fr\/blog\/wp-content\/uploads\/2020\/12\/image-76-2048x1536.png 2048w\" sizes=\"auto, (max-width: 1024px) 100vw, 1024px\" \/><figcaption>Repas complet<\/figcaption><\/figure>\n\n\n\n<p>Apr\u00e8s avoir pr\u00e9par\u00e9 la semoule froide, le repas se fait vers 21h, avec une superbe vue sur ce qui nous attend. Plus de hautes montagnes en vue, plut\u00f4t de hautes collines herbeuses&#8230;<\/p>\n\n\n\n<figure class=\"wp-block-image size-large\"><img loading=\"lazy\" decoding=\"async\" width=\"1024\" height=\"683\" src=\"https:\/\/ngerard.fr\/blog\/wp-content\/uploads\/2020\/12\/image-52-1024x683.png\" alt=\"\" class=\"wp-image-452\" srcset=\"https:\/\/ngerard.fr\/blog\/wp-content\/uploads\/2020\/12\/image-52-1024x683.png 1024w, https:\/\/ngerard.fr\/blog\/wp-content\/uploads\/2020\/12\/image-52-300x200.png 300w, https:\/\/ngerard.fr\/blog\/wp-content\/uploads\/2020\/12\/image-52-768x512.png 768w, https:\/\/ngerard.fr\/blog\/wp-content\/uploads\/2020\/12\/image-52-1536x1024.png 1536w, https:\/\/ngerard.fr\/blog\/wp-content\/uploads\/2020\/12\/image-52-2048x1365.png 2048w\" sizes=\"auto, (max-width: 1024px) 100vw, 1024px\" \/><figcaption>Vue sur la Baisse Cavaline<\/figcaption><\/figure>\n\n\n\n<p>Bilan de la journ\u00e9e : 31km<br>Cumul\u00e9 : environ 670km<br>D\u00e9nivel\u00e9 : environ 2000m positif et 2000m n\u00e9gatif<\/p>\n","protected":false},"excerpt":{"rendered":"<p>Date : mardi 11 ao\u00fbt 2020 Une nouvelle superbe journ\u00e9e pass\u00e9e au milieu des lacs et des chamois, et avec l&rsquo;arriv\u00e9e dans la Vall\u00e9e des Merveilles, qui porte bien son nom. Il s&rsquo;agit des derniers moments en haute montagne, avec les derniers passages \u00e0 2000m d&rsquo;altitude. La fin de la travers\u00e9e commence \u00e0 sembler proche&#8230;<\/p>\n","protected":false},"author":1,"featured_media":0,"comment_status":"open","ping_status":"open","sticky":false,"template":"","format":"standard","meta":{"jetpack_post_was_ever_published":false,"_jetpack_newsletter_access":"","_jetpack_dont_email_post_to_subs":false,"_jetpack_newsletter_tier_id":0,"_jetpack_memberships_contains_paywalled_content":false,"_jetpack_memberships_contains_paid_content":false,"footnotes":"","jetpack_publicize_message":"","jetpack_publicize_feature_enabled":true,"jetpack_social_post_already_shared":true,"jetpack_social_options":{"image_generator_settings":{"template":"highway","default_image_id":0,"font":"","enabled":false},"version":2}},"categories":[4],"tags":[6,7,8],"class_list":["post-289","post","type-post","status-publish","format-standard","hentry","category-grande-traversee-des-alpes","tag-alpes","tag-gta","tag-gta2020","entry"],"jetpack_publicize_connections":[],"jetpack_featured_media_url":"","jetpack_sharing_enabled":true,"jetpack_likes_enabled":false,"_links":{"self":[{"href":"https:\/\/ngerard.fr\/blog\/wp-json\/wp\/v2\/posts\/289","targetHints":{"allow":["GET"]}}],"collection":[{"href":"https:\/\/ngerard.fr\/blog\/wp-json\/wp\/v2\/posts"}],"about":[{"href":"https:\/\/ngerard.fr\/blog\/wp-json\/wp\/v2\/types\/post"}],"author":[{"embeddable":true,"href":"https:\/\/ngerard.fr\/blog\/wp-json\/wp\/v2\/users\/1"}],"replies":[{"embeddable":true,"href":"https:\/\/ngerard.fr\/blog\/wp-json\/wp\/v2\/comments?post=289"}],"version-history":[{"count":15,"href":"https:\/\/ngerard.fr\/blog\/wp-json\/wp\/v2\/posts\/289\/revisions"}],"predecessor-version":[{"id":598,"href":"https:\/\/ngerard.fr\/blog\/wp-json\/wp\/v2\/posts\/289\/revisions\/598"}],"wp:attachment":[{"href":"https:\/\/ngerard.fr\/blog\/wp-json\/wp\/v2\/media?parent=289"}],"wp:term":[{"taxonomy":"category","embeddable":true,"href":"https:\/\/ngerard.fr\/blog\/wp-json\/wp\/v2\/categories?post=289"},{"taxonomy":"post_tag","embeddable":true,"href":"https:\/\/ngerard.fr\/blog\/wp-json\/wp\/v2\/tags?post=289"}],"curies":[{"name":"wp","href":"https:\/\/api.w.org\/{rel}","templated":true}]}}