{"id":291,"date":"2020-12-09T22:47:40","date_gmt":"2020-12-09T21:47:40","guid":{"rendered":"https:\/\/ngerard.fr\/blog\/?p=291"},"modified":"2021-06-07T23:25:17","modified_gmt":"2021-06-07T21:25:17","slug":"jour-26-baisse-cavaline-colla-bassa","status":"publish","type":"post","link":"https:\/\/ngerard.fr\/blog\/2020\/12\/09\/jour-26-baisse-cavaline-colla-bassa\/","title":{"rendered":"[GTA2020] Jour 26 : Baisse Cavaline &#8211; Colla Bassa"},"content":{"rendered":"\n<figure class=\"wp-block-image size-large\"><img loading=\"lazy\" decoding=\"async\" width=\"1024\" height=\"768\" src=\"https:\/\/ngerard.fr\/blog\/wp-content\/uploads\/2020\/12\/image-54-1024x768.png\" alt=\"\" class=\"wp-image-455\" srcset=\"https:\/\/ngerard.fr\/blog\/wp-content\/uploads\/2020\/12\/image-54-1024x768.png 1024w, https:\/\/ngerard.fr\/blog\/wp-content\/uploads\/2020\/12\/image-54-300x225.png 300w, https:\/\/ngerard.fr\/blog\/wp-content\/uploads\/2020\/12\/image-54-768x576.png 768w, https:\/\/ngerard.fr\/blog\/wp-content\/uploads\/2020\/12\/image-54-1536x1152.png 1536w, https:\/\/ngerard.fr\/blog\/wp-content\/uploads\/2020\/12\/image-54-2048x1536.png 2048w\" sizes=\"auto, (max-width: 1024px) 100vw, 1024px\" \/><figcaption>Le cowboy camping, \u00e7a ressemble \u00e0 \u00e7a !<\/figcaption><\/figure>\n\n\n\n<p>Date : mercredi 12 ao\u00fbt<\/p>\n\n\n\n<p>Apr\u00e8s une bonne nuit de sommeil \u00e0 la belle \u00e9toile, je me r\u00e9veille vers 6h et d\u00e9cide d&rsquo;observer le soleil se lever en attendant que Francis et Maxime terminent leur nuit.<\/p>\n\n\n\n<p>Par un proc\u00e9d\u00e9 qui m&rsquo;est encore myst\u00e9rieux (l&rsquo;efficacit\u00e9, peut-\u00eatre), Francis est au final le premier pr\u00eat \u00e0 partir, ce qu&rsquo;il fait, pour rejoindre le soleil qui atteint d\u00e9j\u00e0 les montagnes en face de nous. Max et moi remballons en vitesse les affaires et partons vers 7h30.<\/p>\n\n\n\n<!--more-->\n\n\n\n<p>La vue sur la Baisse Cavaline depuis notre avant-dernier bivouac :<\/p>\n\n\n\n<figure class=\"wp-block-image size-large\"><img loading=\"lazy\" decoding=\"async\" width=\"1024\" height=\"768\" src=\"https:\/\/ngerard.fr\/blog\/wp-content\/uploads\/2020\/12\/image-56-1024x768.png\" alt=\"\" class=\"wp-image-459\" srcset=\"https:\/\/ngerard.fr\/blog\/wp-content\/uploads\/2020\/12\/image-56-1024x768.png 1024w, https:\/\/ngerard.fr\/blog\/wp-content\/uploads\/2020\/12\/image-56-300x225.png 300w, https:\/\/ngerard.fr\/blog\/wp-content\/uploads\/2020\/12\/image-56-768x576.png 768w, https:\/\/ngerard.fr\/blog\/wp-content\/uploads\/2020\/12\/image-56-1536x1152.png 1536w, https:\/\/ngerard.fr\/blog\/wp-content\/uploads\/2020\/12\/image-56-2048x1536.png 2048w\" sizes=\"auto, (max-width: 1024px) 100vw, 1024px\" \/><figcaption>6h14<\/figcaption><\/figure>\n\n\n\n<figure class=\"wp-block-image size-large\"><img loading=\"lazy\" decoding=\"async\" width=\"1024\" height=\"768\" src=\"https:\/\/ngerard.fr\/blog\/wp-content\/uploads\/2020\/12\/image-77-1024x768.png\" alt=\"\" class=\"wp-image-492\" srcset=\"https:\/\/ngerard.fr\/blog\/wp-content\/uploads\/2020\/12\/image-77-1024x768.png 1024w, https:\/\/ngerard.fr\/blog\/wp-content\/uploads\/2020\/12\/image-77-300x225.png 300w, https:\/\/ngerard.fr\/blog\/wp-content\/uploads\/2020\/12\/image-77-768x576.png 768w, https:\/\/ngerard.fr\/blog\/wp-content\/uploads\/2020\/12\/image-77-1536x1152.png 1536w, https:\/\/ngerard.fr\/blog\/wp-content\/uploads\/2020\/12\/image-77-2048x1536.png 2048w\" sizes=\"auto, (max-width: 1024px) 100vw, 1024px\" \/><figcaption>6h40<\/figcaption><\/figure>\n\n\n\n<figure class=\"wp-block-image size-large\"><img loading=\"lazy\" decoding=\"async\" width=\"1024\" height=\"683\" src=\"https:\/\/ngerard.fr\/blog\/wp-content\/uploads\/2020\/12\/image-53-1024x683.png\" alt=\"\" class=\"wp-image-454\" srcset=\"https:\/\/ngerard.fr\/blog\/wp-content\/uploads\/2020\/12\/image-53-1024x683.png 1024w, https:\/\/ngerard.fr\/blog\/wp-content\/uploads\/2020\/12\/image-53-300x200.png 300w, https:\/\/ngerard.fr\/blog\/wp-content\/uploads\/2020\/12\/image-53-768x512.png 768w, https:\/\/ngerard.fr\/blog\/wp-content\/uploads\/2020\/12\/image-53-1536x1024.png 1536w, https:\/\/ngerard.fr\/blog\/wp-content\/uploads\/2020\/12\/image-53-2048x1365.png 2048w\" sizes=\"auto, (max-width: 1024px) 100vw, 1024px\" \/><figcaption>7h52<\/figcaption><\/figure>\n\n\n\n<p>D\u00e8s notre d\u00e9part, nous croisons les habituels troupeaux de chamois tout autour de nous&#8230;<\/p>\n\n\n\n<figure class=\"wp-block-image size-large\"><img loading=\"lazy\" decoding=\"async\" width=\"1024\" height=\"683\" src=\"https:\/\/ngerard.fr\/blog\/wp-content\/uploads\/2020\/12\/image-55-1024x683.png\" alt=\"\" class=\"wp-image-458\" srcset=\"https:\/\/ngerard.fr\/blog\/wp-content\/uploads\/2020\/12\/image-55-1024x683.png 1024w, https:\/\/ngerard.fr\/blog\/wp-content\/uploads\/2020\/12\/image-55-300x200.png 300w, https:\/\/ngerard.fr\/blog\/wp-content\/uploads\/2020\/12\/image-55-768x512.png 768w, https:\/\/ngerard.fr\/blog\/wp-content\/uploads\/2020\/12\/image-55-1536x1024.png 1536w, https:\/\/ngerard.fr\/blog\/wp-content\/uploads\/2020\/12\/image-55-2048x1365.png 2048w\" sizes=\"auto, (max-width: 1024px) 100vw, 1024px\" \/><\/figure>\n\n\n\n<p>Nous arrivons rapidement \u00e0 la Baisse Cavaline (pour rappel, \u00ab\u00a0baisse\u00a0\u00bb est synonyme de \u00ab\u00a0col\u00a0\u00bb dans les Alpes-Maritimes, un peu sur le m\u00eame principe que la chocolatine, qui est une appellation erron\u00e9e du pain au chocolat chez nos amis Bordelais), puis nous passons au Col de Ra\u00fcs (qui visiblement, lui, reste un col), et \u00e0 la Baisse de St-V\u00e9ran (qui est bien une Baisse, et n&rsquo;a aucun rapport avec le ministre de la sant\u00e9 actuel).<\/p>\n\n\n\n<p>Il fait d\u00e9j\u00e0 tr\u00e8s chaud, trop chaud, et nos r\u00e9serves d&rsquo;eau sont tr\u00e8s basses, \u00e9tant donn\u00e9 que nous n&rsquo;avons rencontr\u00e9 aucune source d&rsquo;eau depuis la veille, dans la Vall\u00e9e des Merveilles.<\/p>\n\n\n\n<figure class=\"wp-block-image size-large\"><img loading=\"lazy\" decoding=\"async\" width=\"1024\" height=\"768\" src=\"https:\/\/ngerard.fr\/blog\/wp-content\/uploads\/2020\/12\/image-58-1024x768.png\" alt=\"\" class=\"wp-image-461\" srcset=\"https:\/\/ngerard.fr\/blog\/wp-content\/uploads\/2020\/12\/image-58-1024x768.png 1024w, https:\/\/ngerard.fr\/blog\/wp-content\/uploads\/2020\/12\/image-58-300x225.png 300w, https:\/\/ngerard.fr\/blog\/wp-content\/uploads\/2020\/12\/image-58-768x576.png 768w, https:\/\/ngerard.fr\/blog\/wp-content\/uploads\/2020\/12\/image-58-1536x1152.png 1536w, https:\/\/ngerard.fr\/blog\/wp-content\/uploads\/2020\/12\/image-58-2048x1536.png 2048w\" sizes=\"auto, (max-width: 1024px) 100vw, 1024px\" \/><figcaption>Au fond, le Pas du Diable, qui cache la Vall\u00e9e des Merveilles<\/figcaption><\/figure>\n\n\n\n<p>Nous croisons \u00e0 ce moment-l\u00e0 un troupeau de moutons et leurs patous (les chiens de berger charg\u00e9s de prot\u00e9ger les troupeaux), puis le berger qui les accompagne. <br>Les patous sont tr\u00e8s calmes, contrairement \u00e0 la plupart de ceux que nous avons pu rencontrer jusqu&rsquo;\u00e0 pr\u00e9sent. Le berger nous explique qu&rsquo;il souhaitait avoir des chiens sociables, et qu&rsquo;il n y a pas \u00e0 s&rsquo;inqui\u00e9ter d&rsquo;eux (tant qu&rsquo;on ne s&rsquo;attaque pas aux moutons).<br>Effectivement, les chiens se laissent caresser sans probl\u00e8me.<\/p>\n\n\n\n<p>Le berger nous indique qu&rsquo;il n y aura pas de source d&rsquo;eau avant un moment sur notre trajet, et vide donc sa gourde dans les n\u00f4tres. Lui aura la possibilit\u00e9 de se r\u00e9approvisionner plus bas sur son chemin.<\/p>\n\n\n\n<figure class=\"wp-block-image size-large\"><img loading=\"lazy\" decoding=\"async\" width=\"1024\" height=\"670\" src=\"https:\/\/ngerard.fr\/blog\/wp-content\/uploads\/2020\/12\/image-57-1024x670.png\" alt=\"\" class=\"wp-image-460\" srcset=\"https:\/\/ngerard.fr\/blog\/wp-content\/uploads\/2020\/12\/image-57-1024x670.png 1024w, https:\/\/ngerard.fr\/blog\/wp-content\/uploads\/2020\/12\/image-57-300x196.png 300w, https:\/\/ngerard.fr\/blog\/wp-content\/uploads\/2020\/12\/image-57-768x502.png 768w, https:\/\/ngerard.fr\/blog\/wp-content\/uploads\/2020\/12\/image-57-1536x1005.png 1536w, https:\/\/ngerard.fr\/blog\/wp-content\/uploads\/2020\/12\/image-57-2048x1339.png 2048w\" sizes=\"auto, (max-width: 1024px) 100vw, 1024px\" \/><\/figure>\n\n\n\n<p>Nous \u00e9voluons sur un chemin \u00e0 flanc de falaise, plein Sud, avec une vue compl\u00e8tement d\u00e9gag\u00e9e. <\/p>\n\n\n\n<p>Au fur et \u00e0 mesure de la journ\u00e9e, la chaleur est de plus en plus difficile \u00e0 supporter, la diff\u00e9rence avec le climat de haute montagne est tr\u00e8s nette, et nous sommes plut\u00f4t contents de nous dire qu&rsquo;il ne s&rsquo;agit que d&rsquo;une journ\u00e9e ou deux avec ces temp\u00e9ratures&#8230;<\/p>\n\n\n\n<p>La descente vers Sospel est \u00e9galement plut\u00f4t difficile, sur des chemins qui semblent interminables, et avec toujours aussi peu de sources d&rsquo;eau.<\/p>\n\n\n\n<p>Il s&rsquo;agit d&rsquo;une \u00e9tape avec peu de d\u00e9nivel\u00e9 positif, mais beaucoup, beaucoup de d\u00e9nivel\u00e9 n\u00e9gatif. Les chemins de cailloux en lacets avant d&rsquo;arriver \u00e0 Sospel n&rsquo;ont pas grand chose de passionnant et finissent de m&rsquo;achever, et je me dis que les randonneurs qui font la GTA dans le sens Menton -&gt; Lac L\u00e9man ont bien du m\u00e9rite, et doivent bien souffrir avant d&rsquo;atteindre enfin les \u00ab\u00a0vraies\u00a0\u00bb montagnes de la Vall\u00e9e des Merveilles&#8230;<\/p>\n\n\n\n<figure class=\"wp-block-image size-large\"><img loading=\"lazy\" decoding=\"async\" width=\"1024\" height=\"683\" src=\"https:\/\/ngerard.fr\/blog\/wp-content\/uploads\/2020\/12\/image-59-1024x683.png\" alt=\"\" class=\"wp-image-462\" srcset=\"https:\/\/ngerard.fr\/blog\/wp-content\/uploads\/2020\/12\/image-59-1024x683.png 1024w, https:\/\/ngerard.fr\/blog\/wp-content\/uploads\/2020\/12\/image-59-300x200.png 300w, https:\/\/ngerard.fr\/blog\/wp-content\/uploads\/2020\/12\/image-59-768x512.png 768w, https:\/\/ngerard.fr\/blog\/wp-content\/uploads\/2020\/12\/image-59-1536x1024.png 1536w, https:\/\/ngerard.fr\/blog\/wp-content\/uploads\/2020\/12\/image-59-2048x1365.png 2048w\" sizes=\"auto, (max-width: 1024px) 100vw, 1024px\" \/><figcaption>Au loin, Breil-sur-Roya<\/figcaption><\/figure>\n\n\n\n<p>Enfin, nous atteignons Sospel vers 16h, apr\u00e8s avoir march\u00e9 vite pour certains, et couru pour d&rsquo;autres (moi, essayant de rattraper les premiers apr\u00e8s une pause technique&#8230;)<\/p>\n\n\n\n<p>Nous savons qu&rsquo;il s&rsquo;agit de notre dernier passage dans une ville avant d&rsquo;arriver \u00e0 Menton. Nous faisons une pause bien m\u00e9rit\u00e9e jusqu&rsquo;\u00e0 18h, avec \u00e0 la carte : glace, caf\u00e9, et un bon dernier ravitaillement : tomates, abricots, amandes&#8230; et une visite de la ville au passage.<\/p>\n\n\n\n<p>Nous go\u00fbtons d\u00e9j\u00e0 aux joies de la civilisation et surtout aux sp\u00e9cificit\u00e9s du code de la route de Sospel, qui semble entre autre inclure les insultes entre conducteurs, en plus des places de parking illimit\u00e9es <strong>sur <\/strong>les voies de circulation.<\/p>\n\n\n\n<figure class=\"wp-block-image size-large\"><img loading=\"lazy\" decoding=\"async\" width=\"1024\" height=\"768\" src=\"https:\/\/ngerard.fr\/blog\/wp-content\/uploads\/2020\/12\/image-60-1024x768.png\" alt=\"\" class=\"wp-image-463\" srcset=\"https:\/\/ngerard.fr\/blog\/wp-content\/uploads\/2020\/12\/image-60-1024x768.png 1024w, https:\/\/ngerard.fr\/blog\/wp-content\/uploads\/2020\/12\/image-60-300x225.png 300w, https:\/\/ngerard.fr\/blog\/wp-content\/uploads\/2020\/12\/image-60-768x576.png 768w, https:\/\/ngerard.fr\/blog\/wp-content\/uploads\/2020\/12\/image-60-1536x1152.png 1536w, https:\/\/ngerard.fr\/blog\/wp-content\/uploads\/2020\/12\/image-60-2048x1536.png 2048w\" sizes=\"auto, (max-width: 1024px) 100vw, 1024px\" \/><figcaption>Un peu de fra\u00eecheur dans toute cette chaleur<\/figcaption><\/figure>\n\n\n\n<p>Nous repartons vers 18h, le sac lourd et la fatigue toujours un peu pr\u00e9sente. Heureusement, un panneau nous rassure d\u00e8s la sortie de Menton&#8230; La fin est proche.<\/p>\n\n\n\n<figure class=\"wp-block-image size-large\"><img loading=\"lazy\" decoding=\"async\" width=\"1024\" height=\"768\" src=\"https:\/\/ngerard.fr\/blog\/wp-content\/uploads\/2020\/12\/image-61-1024x768.png\" alt=\"\" class=\"wp-image-464\" srcset=\"https:\/\/ngerard.fr\/blog\/wp-content\/uploads\/2020\/12\/image-61-1024x768.png 1024w, https:\/\/ngerard.fr\/blog\/wp-content\/uploads\/2020\/12\/image-61-300x225.png 300w, https:\/\/ngerard.fr\/blog\/wp-content\/uploads\/2020\/12\/image-61-768x576.png 768w, https:\/\/ngerard.fr\/blog\/wp-content\/uploads\/2020\/12\/image-61-1536x1152.png 1536w, https:\/\/ngerard.fr\/blog\/wp-content\/uploads\/2020\/12\/image-61-2048x1536.png 2048w\" sizes=\"auto, (max-width: 1024px) 100vw, 1024px\" \/><\/figure>\n\n\n\n<p>Peu apr\u00e8s nous faisons la rencontre d&rsquo;un homme \u00e0 l&rsquo;\u00e2ge avanc\u00e9, qui discute un peu avec nous et nous donne de pr\u00e9cieux conseils pour se d\u00e9fendre contre les lynx.<\/p>\n\n\n\n<p>Il nous indique effectivement que ceux-ci sont pr\u00e9sents dans le coin, et qu&rsquo;il a d&rsquo;ailleurs d\u00e9j\u00e0 \u00e9t\u00e9 attaqu\u00e9 par eux.<\/p>\n\n\n\n<p>Retenez donc qu&rsquo;en cas d&rsquo;attaque d&rsquo;un lynx, il ne faut surtout pas prot\u00e9ger son visage avec ses bras, mais tendre un bras, pr\u00eat \u00e0 serrer le cou du lynx d\u00e8s que celui-ci vous saute dessus. (La meilleure d\u00e9fense, comme souvent, c&rsquo;est l&rsquo;attaque)<\/p>\n\n\n\n<p>D\u00e9sormais rassur\u00e9s par notre formation avanc\u00e9e en combat de lynx, nous repartons gaiement pour attaquer la mont\u00e9e.<\/p>\n\n\n\n<p>Nous passons par le Col du Razet vers 19h30, puis au Colla Bassa peu avant 20h30. Nous nous arr\u00eatons peu apr\u00e8s pour notre dernier bivouac, sur un terrain plat, parfait, avec vue sur la mer, et sur Menton.<\/p>\n\n\n\n<figure class=\"wp-block-image size-large\"><img loading=\"lazy\" decoding=\"async\" width=\"1024\" height=\"683\" src=\"https:\/\/ngerard.fr\/blog\/wp-content\/uploads\/2020\/12\/image-65-1024x683.png\" alt=\"\" class=\"wp-image-468\" srcset=\"https:\/\/ngerard.fr\/blog\/wp-content\/uploads\/2020\/12\/image-65-1024x683.png 1024w, https:\/\/ngerard.fr\/blog\/wp-content\/uploads\/2020\/12\/image-65-300x200.png 300w, https:\/\/ngerard.fr\/blog\/wp-content\/uploads\/2020\/12\/image-65-768x512.png 768w, https:\/\/ngerard.fr\/blog\/wp-content\/uploads\/2020\/12\/image-65-1536x1024.png 1536w, https:\/\/ngerard.fr\/blog\/wp-content\/uploads\/2020\/12\/image-65-2048x1365.png 2048w\" sizes=\"auto, (max-width: 1024px) 100vw, 1024px\" \/><figcaption>Menton, 20h30<\/figcaption><\/figure>\n\n\n\n<p>Nous attaquons le dernier repas du soir, presque un repas de r\u00e9veillon, avec notamment une superbe pur\u00e9e pommes de terre \/ sauce tomate, et quelques toasts.<\/p>\n\n\n\n<figure class=\"wp-block-image size-large\"><img loading=\"lazy\" decoding=\"async\" width=\"768\" height=\"1024\" src=\"https:\/\/ngerard.fr\/blog\/wp-content\/uploads\/2020\/12\/image-63-768x1024.png\" alt=\"\" class=\"wp-image-466\" srcset=\"https:\/\/ngerard.fr\/blog\/wp-content\/uploads\/2020\/12\/image-63-768x1024.png 768w, https:\/\/ngerard.fr\/blog\/wp-content\/uploads\/2020\/12\/image-63-225x300.png 225w, https:\/\/ngerard.fr\/blog\/wp-content\/uploads\/2020\/12\/image-63-1152x1536.png 1152w, https:\/\/ngerard.fr\/blog\/wp-content\/uploads\/2020\/12\/image-63-1536x2048.png 1536w\" sizes=\"auto, (max-width: 768px) 100vw, 768px\" \/><\/figure>\n\n\n\n<p>Nous pr\u00e9parons le lit (\u00e0 la belle \u00e9toile) pour cette derni\u00e8re nuit, pendant que Menton s&rsquo;illumine et que le soleil se couche&#8230;<\/p>\n\n\n\n<figure class=\"wp-block-image size-large\"><img loading=\"lazy\" decoding=\"async\" width=\"1024\" height=\"768\" src=\"https:\/\/ngerard.fr\/blog\/wp-content\/uploads\/2020\/12\/image-64-1024x768.png\" alt=\"\" class=\"wp-image-467\" srcset=\"https:\/\/ngerard.fr\/blog\/wp-content\/uploads\/2020\/12\/image-64-1024x768.png 1024w, https:\/\/ngerard.fr\/blog\/wp-content\/uploads\/2020\/12\/image-64-300x225.png 300w, https:\/\/ngerard.fr\/blog\/wp-content\/uploads\/2020\/12\/image-64-768x576.png 768w, https:\/\/ngerard.fr\/blog\/wp-content\/uploads\/2020\/12\/image-64-1536x1152.png 1536w, https:\/\/ngerard.fr\/blog\/wp-content\/uploads\/2020\/12\/image-64-2048x1536.png 2048w\" sizes=\"auto, (max-width: 1024px) 100vw, 1024px\" \/><figcaption>Menton, 21h<\/figcaption><\/figure>\n\n\n\n<figure class=\"wp-block-image size-large\"><img loading=\"lazy\" decoding=\"async\" width=\"1024\" height=\"683\" src=\"https:\/\/ngerard.fr\/blog\/wp-content\/uploads\/2020\/12\/image-66-1024x683.png\" alt=\"\" class=\"wp-image-469\" srcset=\"https:\/\/ngerard.fr\/blog\/wp-content\/uploads\/2020\/12\/image-66-1024x683.png 1024w, https:\/\/ngerard.fr\/blog\/wp-content\/uploads\/2020\/12\/image-66-300x200.png 300w, https:\/\/ngerard.fr\/blog\/wp-content\/uploads\/2020\/12\/image-66-768x512.png 768w, https:\/\/ngerard.fr\/blog\/wp-content\/uploads\/2020\/12\/image-66-1536x1024.png 1536w, https:\/\/ngerard.fr\/blog\/wp-content\/uploads\/2020\/12\/image-66-2048x1365.png 2048w\" sizes=\"auto, (max-width: 1024px) 100vw, 1024px\" \/><figcaption>Menton, 21h45<\/figcaption><\/figure>\n\n\n\n<p>Cette derni\u00e8re nuit ne sera pas la plus calme&#8230;<\/p>\n\n\n\n<p>Bilan de la journ\u00e9e : 41km<br>Cumul\u00e9 : environ 711km<br>D\u00e9nivel\u00e9 : +1000m, -2200m<\/p>\n","protected":false},"excerpt":{"rendered":"<p>Date : mercredi 12 ao\u00fbt Apr\u00e8s une bonne nuit de sommeil \u00e0 la belle \u00e9toile, je me r\u00e9veille vers 6h et d\u00e9cide d&rsquo;observer le soleil se lever en attendant que Francis et Maxime terminent leur nuit. Par un proc\u00e9d\u00e9 qui m&rsquo;est encore myst\u00e9rieux (l&rsquo;efficacit\u00e9, peut-\u00eatre), Francis est au final le premier pr\u00eat \u00e0 partir, ce&hellip; <a class=\"more-link\" href=\"https:\/\/ngerard.fr\/blog\/2020\/12\/09\/jour-26-baisse-cavaline-colla-bassa\/\">Poursuivre la lecture <span class=\"screen-reader-text\">[GTA2020] Jour 26 : Baisse Cavaline &#8211; Colla Bassa<\/span><\/a><\/p>\n","protected":false},"author":1,"featured_media":0,"comment_status":"open","ping_status":"open","sticky":false,"template":"","format":"standard","meta":{"jetpack_post_was_ever_published":false,"_jetpack_newsletter_access":"","_jetpack_dont_email_post_to_subs":false,"_jetpack_newsletter_tier_id":0,"_jetpack_memberships_contains_paywalled_content":false,"_jetpack_memberships_contains_paid_content":false,"footnotes":"","jetpack_publicize_message":"","jetpack_publicize_feature_enabled":true,"jetpack_social_post_already_shared":true,"jetpack_social_options":{"image_generator_settings":{"template":"highway","default_image_id":0,"font":"","enabled":false},"version":2}},"categories":[4],"tags":[6,7,8],"class_list":["post-291","post","type-post","status-publish","format-standard","hentry","category-grande-traversee-des-alpes","tag-alpes","tag-gta","tag-gta2020","entry"],"jetpack_publicize_connections":[],"jetpack_featured_media_url":"","jetpack_sharing_enabled":true,"jetpack_likes_enabled":false,"_links":{"self":[{"href":"https:\/\/ngerard.fr\/blog\/wp-json\/wp\/v2\/posts\/291","targetHints":{"allow":["GET"]}}],"collection":[{"href":"https:\/\/ngerard.fr\/blog\/wp-json\/wp\/v2\/posts"}],"about":[{"href":"https:\/\/ngerard.fr\/blog\/wp-json\/wp\/v2\/types\/post"}],"author":[{"embeddable":true,"href":"https:\/\/ngerard.fr\/blog\/wp-json\/wp\/v2\/users\/1"}],"replies":[{"embeddable":true,"href":"https:\/\/ngerard.fr\/blog\/wp-json\/wp\/v2\/comments?post=291"}],"version-history":[{"count":13,"href":"https:\/\/ngerard.fr\/blog\/wp-json\/wp\/v2\/posts\/291\/revisions"}],"predecessor-version":[{"id":597,"href":"https:\/\/ngerard.fr\/blog\/wp-json\/wp\/v2\/posts\/291\/revisions\/597"}],"wp:attachment":[{"href":"https:\/\/ngerard.fr\/blog\/wp-json\/wp\/v2\/media?parent=291"}],"wp:term":[{"taxonomy":"category","embeddable":true,"href":"https:\/\/ngerard.fr\/blog\/wp-json\/wp\/v2\/categories?post=291"},{"taxonomy":"post_tag","embeddable":true,"href":"https:\/\/ngerard.fr\/blog\/wp-json\/wp\/v2\/tags?post=291"}],"curies":[{"name":"wp","href":"https:\/\/api.w.org\/{rel}","templated":true}]}}