{"id":293,"date":"2020-12-10T22:26:49","date_gmt":"2020-12-10T21:26:49","guid":{"rendered":"https:\/\/ngerard.fr\/blog\/?p=293"},"modified":"2021-06-07T23:25:17","modified_gmt":"2021-06-07T21:25:17","slug":"jour-27-colla-bassa-menton","status":"publish","type":"post","link":"https:\/\/ngerard.fr\/blog\/2020\/12\/10\/jour-27-colla-bassa-menton\/","title":{"rendered":"[GTA2020] Jour 27 : Colla Bassa &#8211; Menton"},"content":{"rendered":"\n<figure class=\"wp-block-image size-large\"><img loading=\"lazy\" decoding=\"async\" width=\"1024\" height=\"683\" src=\"https:\/\/ngerard.fr\/blog\/wp-content\/uploads\/2020\/12\/image-67-1024x683.png\" alt=\"\" class=\"wp-image-471\" srcset=\"https:\/\/ngerard.fr\/blog\/wp-content\/uploads\/2020\/12\/image-67-1024x683.png 1024w, https:\/\/ngerard.fr\/blog\/wp-content\/uploads\/2020\/12\/image-67-300x200.png 300w, https:\/\/ngerard.fr\/blog\/wp-content\/uploads\/2020\/12\/image-67-768x512.png 768w, https:\/\/ngerard.fr\/blog\/wp-content\/uploads\/2020\/12\/image-67-1536x1024.png 1536w, https:\/\/ngerard.fr\/blog\/wp-content\/uploads\/2020\/12\/image-67-2048x1365.png 2048w\" sizes=\"auto, (max-width: 1024px) 100vw, 1024px\" \/><\/figure>\n\n\n\n<p>Date : jeudi 13 ao\u00fbt<\/p>\n\n\n\n<p style=\"line-height:1.5\">\u00c7a y est, c&rsquo;est le dernier jour. <br>27 jours, entre 600 et 700km, plus de 30000m de d\u00e9nivel\u00e9 positif (3.5 Everest\ud83d\ude0e), quelques variantes personnelles, de belles rencontres, de bons repas, et surtout de belles montagnes&#8230;<\/p>\n\n\n\n<p>Clap de fin pour la Grande Travers\u00e9e des Alpes !<\/p>\n\n\n\n<!--more LIRE LA SUITE-->\n\n\n\n<p>La fin de nuit fut mouvement\u00e9e. Des gouttes de pluie nous r\u00e9veillent, nous nous d\u00e9p\u00eachons de nous prot\u00e9ger : Francis et Maxime montent la tente en vitesse, pour ma part je d\u00e9plie le tarp et je l&rsquo;utilise simplement comme couverture, tout en ayant de gros doutes sur cette technique.<\/p>\n\n\n\n<p>La pluie s&rsquo;arr\u00eate rapidement&#8230; puis reprend peu apr\u00e8s vers 4h du matin, nous r\u00e9veillant de nouveau. Heureusement, on en plaisante d\u00e9j\u00e0, tant cette pluie \u00e9tait inattendue, nous qui pensions que plus rien ne pouvait nous arriver une fois arriv\u00e9s dans le Sud et sa chaleur, avec Menton en vue&#8230;<\/p>\n\n\n\n<p>\u00c9trangement, la technique du tarp non mont\u00e9 fonctionne parfaitement, et je suis compl\u00e8tement prot\u00e9g\u00e9.<\/p>\n\n\n\n<p>Technique \u00e0 ne pas r\u00e9utiliser pour une nuit compl\u00e8te cependant, car m\u00eame si elle prot\u00e8ge de la pluie, je pense que la condensation serait tr\u00e8s \u00e9lev\u00e9e de cette fa\u00e7on, et on se retrouverait donc tremp\u00e9 le matin.<\/p>\n\n\n\n<figure class=\"wp-block-image size-large\"><img loading=\"lazy\" decoding=\"async\" width=\"1024\" height=\"683\" src=\"https:\/\/ngerard.fr\/blog\/wp-content\/uploads\/2020\/12\/image-68-1024x683.png\" alt=\"\" class=\"wp-image-472\" srcset=\"https:\/\/ngerard.fr\/blog\/wp-content\/uploads\/2020\/12\/image-68-1024x683.png 1024w, https:\/\/ngerard.fr\/blog\/wp-content\/uploads\/2020\/12\/image-68-300x200.png 300w, https:\/\/ngerard.fr\/blog\/wp-content\/uploads\/2020\/12\/image-68-768x512.png 768w, https:\/\/ngerard.fr\/blog\/wp-content\/uploads\/2020\/12\/image-68-1536x1024.png 1536w, https:\/\/ngerard.fr\/blog\/wp-content\/uploads\/2020\/12\/image-68-2048x1365.png 2048w\" sizes=\"auto, (max-width: 1024px) 100vw, 1024px\" \/><\/figure>\n\n\n\n<p>Apr\u00e8s avoir termin\u00e9 les r\u00e9serves pour le dernier petit-d\u00e9jeuner, nous partons vers 7h, sous un ciel couvert. Nous atteignons le Col du Berceau \u00e0 9h30, puis le Plan du Lion \u00e0 10h, tout en n&rsquo;\u00e9chappant pas \u00e0 quelques averses sur le trajet. <\/p>\n\n\n\n<figure class=\"wp-block-image size-large\"><img loading=\"lazy\" decoding=\"async\" width=\"768\" height=\"1024\" src=\"https:\/\/ngerard.fr\/blog\/wp-content\/uploads\/2020\/12\/image-69-768x1024.png\" alt=\"\" class=\"wp-image-473\" srcset=\"https:\/\/ngerard.fr\/blog\/wp-content\/uploads\/2020\/12\/image-69-768x1024.png 768w, https:\/\/ngerard.fr\/blog\/wp-content\/uploads\/2020\/12\/image-69-225x300.png 225w, https:\/\/ngerard.fr\/blog\/wp-content\/uploads\/2020\/12\/image-69-1152x1536.png 1152w, https:\/\/ngerard.fr\/blog\/wp-content\/uploads\/2020\/12\/image-69-1536x2048.png 1536w\" sizes=\"auto, (max-width: 768px) 100vw, 768px\" \/><figcaption>Derni\u00e8re descente vers Menton<\/figcaption><\/figure>\n\n\n\n<figure class=\"wp-block-image size-large\"><img loading=\"lazy\" decoding=\"async\" width=\"1024\" height=\"683\" src=\"https:\/\/ngerard.fr\/blog\/wp-content\/uploads\/2020\/12\/image-72-1024x683.png\" alt=\"\" class=\"wp-image-476\" srcset=\"https:\/\/ngerard.fr\/blog\/wp-content\/uploads\/2020\/12\/image-72-1024x683.png 1024w, https:\/\/ngerard.fr\/blog\/wp-content\/uploads\/2020\/12\/image-72-300x200.png 300w, https:\/\/ngerard.fr\/blog\/wp-content\/uploads\/2020\/12\/image-72-768x512.png 768w, https:\/\/ngerard.fr\/blog\/wp-content\/uploads\/2020\/12\/image-72-1536x1024.png 1536w, https:\/\/ngerard.fr\/blog\/wp-content\/uploads\/2020\/12\/image-72-2048x1365.png 2048w\" sizes=\"auto, (max-width: 1024px) 100vw, 1024px\" \/><figcaption>Menton et le Port de Garavan<\/figcaption><\/figure>\n\n\n\n<figure class=\"wp-block-image size-large is-resized\"><img loading=\"lazy\" decoding=\"async\" src=\"https:\/\/ngerard.fr\/blog\/wp-content\/uploads\/2020\/12\/image-70-1024x683.png\" alt=\"\" class=\"wp-image-474\" width=\"674\" height=\"449\" srcset=\"https:\/\/ngerard.fr\/blog\/wp-content\/uploads\/2020\/12\/image-70-1024x683.png 1024w, https:\/\/ngerard.fr\/blog\/wp-content\/uploads\/2020\/12\/image-70-300x200.png 300w, https:\/\/ngerard.fr\/blog\/wp-content\/uploads\/2020\/12\/image-70-768x512.png 768w, https:\/\/ngerard.fr\/blog\/wp-content\/uploads\/2020\/12\/image-70-1536x1024.png 1536w, https:\/\/ngerard.fr\/blog\/wp-content\/uploads\/2020\/12\/image-70-2048x1365.png 2048w\" sizes=\"auto, (max-width: 674px) 100vw, 674px\" \/><figcaption>Le Port de Garavan<\/figcaption><\/figure>\n\n\n\n<figure class=\"wp-block-image size-large\"><img loading=\"lazy\" decoding=\"async\" width=\"1024\" height=\"768\" src=\"https:\/\/ngerard.fr\/blog\/wp-content\/uploads\/2020\/12\/image-71-1024x768.png\" alt=\"\" class=\"wp-image-475\" srcset=\"https:\/\/ngerard.fr\/blog\/wp-content\/uploads\/2020\/12\/image-71-1024x768.png 1024w, https:\/\/ngerard.fr\/blog\/wp-content\/uploads\/2020\/12\/image-71-300x225.png 300w, https:\/\/ngerard.fr\/blog\/wp-content\/uploads\/2020\/12\/image-71-768x576.png 768w, https:\/\/ngerard.fr\/blog\/wp-content\/uploads\/2020\/12\/image-71-1536x1152.png 1536w, https:\/\/ngerard.fr\/blog\/wp-content\/uploads\/2020\/12\/image-71-2048x1536.png 2048w\" sizes=\"auto, (max-width: 1024px) 100vw, 1024px\" \/><figcaption>Menton, mi-soleil mi-pluie<\/figcaption><\/figure>\n\n\n\n<p>Apr\u00e8s une descente plut\u00f4t chaotique, dans un chemin peu entretenu, tr\u00e8s vite nous entendons les premi\u00e8res voitures de la superbe autoroute qui entoure Menton. Les montagnes, les ruisseaux et les chamois sont loin derri\u00e8re nous&#8230;<\/p>\n\n\n\n<figure class=\"wp-block-embed is-type-video is-provider-youtube wp-block-embed-youtube wp-embed-aspect-16-9 wp-has-aspect-ratio\"><div class=\"wp-block-embed__wrapper\">\n<iframe loading=\"lazy\" title=\"[GTA] J27 - Menton 13 ao\u00fbt 2020 - 1\" width=\"750\" height=\"422\" src=\"https:\/\/www.youtube.com\/embed\/1NTVGEJxR4s?feature=oembed\" frameborder=\"0\" allow=\"accelerometer; autoplay; clipboard-write; encrypted-media; gyroscope; picture-in-picture\" allowfullscreen><\/iframe>\n<\/div><\/figure>\n\n\n\n<figure class=\"wp-block-embed is-type-video is-provider-youtube wp-block-embed-youtube wp-embed-aspect-16-9 wp-has-aspect-ratio\"><div class=\"wp-block-embed__wrapper\">\n<iframe loading=\"lazy\" title=\"[GTA] J27 - Menton 13 ao\u00fbt 2020 - 2\" width=\"750\" height=\"422\" src=\"https:\/\/www.youtube.com\/embed\/i2NyiwYdJZ8?feature=oembed\" frameborder=\"0\" allow=\"accelerometer; autoplay; clipboard-write; encrypted-media; gyroscope; picture-in-picture\" allowfullscreen><\/iframe>\n<\/div><\/figure>\n\n\n\n<p>Apr\u00e8s avoir rang\u00e9 une \u00e9ni\u00e8me fois mon appareil photo, Menton ayant d\u00e9finitivement d\u00e9cid\u00e9 de nous accueillir sous la pluie, je perds Francis et Max, puis poursuis mon chemin&#8230; sans les retrouver.<\/p>\n\n\n\n<p>Les ruelles se suivent et ne se ressemblent pas, le balisage est tr\u00e8s al\u00e9atoire, mais \u00e7a y est, la mer est l\u00e0, et j&rsquo;arrive au port de Garavan, l&rsquo;arriv\u00e9e officielle de cette GTA (du moins, pour ceux qui s&rsquo;arr\u00eatent \u00e0 Menton)<br>Je erre quelque peu le long du port, arm\u00e9 de mon sac \u00e0 dos, de mes chaussures de montagne, et de mes b\u00e2tons de rando, au milieu des touristes qui vont \u00e0 la plage.<\/p>\n\n\n\n<p>Un policier en scooter m&rsquo;arr\u00eate et m&rsquo;informe de l&rsquo;obligation du port du masque \u00e0 cet endroit de la ville. Je m&rsquo;ex\u00e9cute et rencontre effectivement un peu plus loin les panneaux informant de cette sp\u00e9cificit\u00e9 mise en place suite aux clusters de Covid-19 d\u00e9tect\u00e9s \u00e0 Menton&#8230;<\/p>\n\n\n\n<p>Le premier restaurant que je croise &#8230; est un bouchon Lyonnais.<\/p>\n\n\n\n<figure class=\"wp-block-image size-large is-resized\"><img loading=\"lazy\" decoding=\"async\" src=\"https:\/\/ngerard.fr\/blog\/wp-content\/uploads\/2020\/12\/image-74-1024x768.png\" alt=\"\" class=\"wp-image-478\" width=\"674\" height=\"505\" srcset=\"https:\/\/ngerard.fr\/blog\/wp-content\/uploads\/2020\/12\/image-74-1024x768.png 1024w, https:\/\/ngerard.fr\/blog\/wp-content\/uploads\/2020\/12\/image-74-300x225.png 300w, https:\/\/ngerard.fr\/blog\/wp-content\/uploads\/2020\/12\/image-74-768x576.png 768w, https:\/\/ngerard.fr\/blog\/wp-content\/uploads\/2020\/12\/image-74-1536x1152.png 1536w, https:\/\/ngerard.fr\/blog\/wp-content\/uploads\/2020\/12\/image-74-2048x1536.png 2048w\" sizes=\"auto, (max-width: 674px) 100vw, 674px\" \/><figcaption>Ceci n&rsquo;est pas une publication sponsoris\u00e9e<\/figcaption><\/figure>\n\n\n\n<p>Francis et Max, qui s&rsquo;\u00e9taient au final quelque peu perdus dans Menton, me retrouvent peu apr\u00e8s. Nous mettons les pieds dans l&rsquo;eau, et en profitons pour faire quelques photos souvenirs de cette arriv\u00e9e, au milieu des baigneurs, touristes et autres gens normaux.<\/p>\n\n\n\n<div class=\"wp-block-image\"><figure class=\"aligncenter size-large is-resized\"><img loading=\"lazy\" decoding=\"async\" src=\"https:\/\/ngerard.fr\/blog\/wp-content\/uploads\/2020\/12\/image-78.png\" alt=\"\" class=\"wp-image-503\" width=\"480\" height=\"360\" srcset=\"https:\/\/ngerard.fr\/blog\/wp-content\/uploads\/2020\/12\/image-78.png 480w, https:\/\/ngerard.fr\/blog\/wp-content\/uploads\/2020\/12\/image-78-300x225.png 300w\" sizes=\"auto, (max-width: 480px) 100vw, 480px\" \/><figcaption>Pr\u00eat \u00e0 refaire la travers\u00e9e dans l&rsquo;autre sens<\/figcaption><\/figure><\/div>\n\n\n\n<p>Nous trouvons ensuite rapidement un restaurant, Francis et Max devant partir assez rapidement en d\u00e9but d&rsquo;apr\u00e8s-midi pour prendre leur train.<\/p>\n\n\n\n<p>Nous tombons malheureusement sur le pire restaurant de la travers\u00e9e (L&rsquo;Occitan \u00e0 Menton, n&rsquo;y allez pas), ce qui a pour m\u00e9rite de nous avoir au moins un peu fait rigoler, surtout lorsque Francis a d\u00fb aller remplir la carafe d&rsquo;eau dans la fontaine sur la petite place \u00e0 c\u00f4t\u00e9, apr\u00e8s avoir attendu de longues minutes qu&rsquo;un serveur s&rsquo;int\u00e9resse \u00e0 nous, en essayant de l&rsquo;interpeller sans succ\u00e8s, et malgr\u00e9 les nombreux signes de d\u00e9tresse.<\/p>\n\n\n\n<p>Apr\u00e8s avoir patient\u00e9 3 jours entre chaque plat, et apr\u00e8s s&rsquo;\u00eatre battus pour pouvoir payer et partir, nos chemins se s\u00e9parent, Francis et Maxime se d\u00e9p\u00eachant d&rsquo;atteindre la gare.<\/p>\n\n\n\n<p>Je visite un peu Menton, puis m&rsquo;offre un caf\u00e9 dans un autre restaurant pour me consoler du repas.<\/p>\n\n\n\n<p>Et puis c&rsquo;est mon tour de rejoindre la gare, de monter dans le train&#8230; Les portes se ferment, \u00e7a y est, c&rsquo;est officiellement termin\u00e9 !<\/p>\n\n\n\n<p>Le train offre un dernier voyage, en passant par Monaco, Nice, Marseille, ce qui permet d&rsquo;appr\u00e9cier la mer un peu plus longtemps&#8230;<\/p>\n\n\n\n<p>De retour dans le Rh\u00f4ne, \u00e0 23h30, j&rsquo;arrive \u00e0 bon port&#8230; et retrouve le restaurant Le Petit Nice pr\u00e8s de chez moi. Apr\u00e8s le bouchon Lyonnais \u00e0 Menton, la boucle est boucl\u00e9e, la vie est un cycle \ud83d\ude42<\/p>\n\n\n\n<figure class=\"wp-block-image size-large\"><img loading=\"lazy\" decoding=\"async\" width=\"1024\" height=\"768\" src=\"https:\/\/ngerard.fr\/blog\/wp-content\/uploads\/2020\/12\/image-75-1024x768.png\" alt=\"\" class=\"wp-image-479\" srcset=\"https:\/\/ngerard.fr\/blog\/wp-content\/uploads\/2020\/12\/image-75-1024x768.png 1024w, https:\/\/ngerard.fr\/blog\/wp-content\/uploads\/2020\/12\/image-75-300x225.png 300w, https:\/\/ngerard.fr\/blog\/wp-content\/uploads\/2020\/12\/image-75-768x576.png 768w, https:\/\/ngerard.fr\/blog\/wp-content\/uploads\/2020\/12\/image-75-1536x1152.png 1536w, https:\/\/ngerard.fr\/blog\/wp-content\/uploads\/2020\/12\/image-75-2048x1536.png 2048w\" sizes=\"auto, (max-width: 1024px) 100vw, 1024px\" \/><figcaption>Welcome home<\/figcaption><\/figure>\n\n\n\n<p>A tr\u00e8s bient\u00f4t pour (au moins) un article bilan de cette travers\u00e9e ! \ud83d\ude42<\/p>\n\n\n\n<p>Bilan de la journ\u00e9e : 17km<br>Cumul\u00e9 : environ 728km selon le bracelet connect\u00e9 Xiaomi Mi Band 3 (et donc probablement moins en r\u00e9alit\u00e9)<\/p>\n","protected":false},"excerpt":{"rendered":"<p>Date : jeudi 13 ao\u00fbt \u00c7a y est, c&rsquo;est le dernier jour. 27 jours, entre 600 et 700km, plus de 30000m de d\u00e9nivel\u00e9 positif (3.5 Everest\ud83d\ude0e), quelques variantes personnelles, de belles rencontres, de bons repas, et surtout de belles montagnes&#8230; Clap de fin pour la Grande Travers\u00e9e des Alpes !<\/p>\n","protected":false},"author":1,"featured_media":0,"comment_status":"open","ping_status":"open","sticky":false,"template":"","format":"standard","meta":{"jetpack_post_was_ever_published":false,"_jetpack_newsletter_access":"","_jetpack_dont_email_post_to_subs":false,"_jetpack_newsletter_tier_id":0,"_jetpack_memberships_contains_paywalled_content":false,"_jetpack_memberships_contains_paid_content":false,"footnotes":"","jetpack_publicize_message":"","jetpack_publicize_feature_enabled":true,"jetpack_social_post_already_shared":true,"jetpack_social_options":{"image_generator_settings":{"template":"highway","default_image_id":0,"font":"","enabled":false},"version":2}},"categories":[4],"tags":[6,7,8],"class_list":["post-293","post","type-post","status-publish","format-standard","hentry","category-grande-traversee-des-alpes","tag-alpes","tag-gta","tag-gta2020","entry"],"jetpack_publicize_connections":[],"jetpack_featured_media_url":"","jetpack_sharing_enabled":true,"jetpack_likes_enabled":false,"_links":{"self":[{"href":"https:\/\/ngerard.fr\/blog\/wp-json\/wp\/v2\/posts\/293","targetHints":{"allow":["GET"]}}],"collection":[{"href":"https:\/\/ngerard.fr\/blog\/wp-json\/wp\/v2\/posts"}],"about":[{"href":"https:\/\/ngerard.fr\/blog\/wp-json\/wp\/v2\/types\/post"}],"author":[{"embeddable":true,"href":"https:\/\/ngerard.fr\/blog\/wp-json\/wp\/v2\/users\/1"}],"replies":[{"embeddable":true,"href":"https:\/\/ngerard.fr\/blog\/wp-json\/wp\/v2\/comments?post=293"}],"version-history":[{"count":14,"href":"https:\/\/ngerard.fr\/blog\/wp-json\/wp\/v2\/posts\/293\/revisions"}],"predecessor-version":[{"id":596,"href":"https:\/\/ngerard.fr\/blog\/wp-json\/wp\/v2\/posts\/293\/revisions\/596"}],"wp:attachment":[{"href":"https:\/\/ngerard.fr\/blog\/wp-json\/wp\/v2\/media?parent=293"}],"wp:term":[{"taxonomy":"category","embeddable":true,"href":"https:\/\/ngerard.fr\/blog\/wp-json\/wp\/v2\/categories?post=293"},{"taxonomy":"post_tag","embeddable":true,"href":"https:\/\/ngerard.fr\/blog\/wp-json\/wp\/v2\/tags?post=293"}],"curies":[{"name":"wp","href":"https:\/\/api.w.org\/{rel}","templated":true}]}}