{"id":45,"date":"2020-07-14T22:00:00","date_gmt":"2020-07-14T20:00:00","guid":{"rendered":"https:\/\/ngerard.fr\/blog\/?p=45"},"modified":"2021-07-31T22:47:13","modified_gmt":"2021-07-31T20:47:13","slug":"gta-grande-traversee-des-alpes","status":"publish","type":"post","link":"https:\/\/ngerard.fr\/blog\/2020\/07\/14\/gta-grande-traversee-des-alpes\/","title":{"rendered":"[GTA2020] Grande Travers\u00e9e des Alpes"},"content":{"rendered":"\n<figure class=\"wp-block-image size-full\"><img loading=\"lazy\" decoding=\"async\" width=\"2560\" height=\"1282\" src=\"https:\/\/ngerard.fr\/blog\/wp-content\/uploads\/2020\/07\/DSC0043v3-scaled.jpg\" alt=\"\" class=\"wp-image-73\" srcset=\"https:\/\/ngerard.fr\/blog\/wp-content\/uploads\/2020\/07\/DSC0043v3-scaled.jpg 2560w, https:\/\/ngerard.fr\/blog\/wp-content\/uploads\/2020\/07\/DSC0043v3-300x150.jpg 300w, https:\/\/ngerard.fr\/blog\/wp-content\/uploads\/2020\/07\/DSC0043v3-1024x513.jpg 1024w, https:\/\/ngerard.fr\/blog\/wp-content\/uploads\/2020\/07\/DSC0043v3-768x385.jpg 768w, https:\/\/ngerard.fr\/blog\/wp-content\/uploads\/2020\/07\/DSC0043v3-1536x769.jpg 1536w, https:\/\/ngerard.fr\/blog\/wp-content\/uploads\/2020\/07\/DSC0043v3-2048x1025.jpg 2048w\" sizes=\"auto, (max-width: 2560px) 100vw, 2560px\" \/><figcaption>Mont Colombier, Massif des Bauges, mai 2019<\/figcaption><\/figure>\n\n\n\n<p>Parait-il que je vais me lancer cet \u00e9t\u00e9 dans la Travers\u00e9e des Alpes, en empruntant les sentiers de randonn\u00e9e GR5 et GR52. <\/p>\n\n\n\n<p>Cette petite balade part du Lac L\u00e9man (Thonon-les-Bains ou bien Saint-Gingolph), pour aller jusqu&rsquo;\u00e0 Nice ou Menton. Elle traverse les parcs naturels de la Vanoise, du Queyras et du Mercantour, pour un total d&rsquo;environ 600km et 30000m de d\u00e9nivel\u00e9.<\/p>\n\n\n\n<!--more-->\n\n\n\n<p>Grosso modo, \u00e7a ressemble \u00e0 quelque chose comme \u00e7a :<\/p>\n\n\n\n<div class=\"wp-block-columns are-vertically-aligned-center is-layout-flex wp-container-core-columns-is-layout-9d6595d7 wp-block-columns-is-layout-flex\">\n<div class=\"wp-block-column is-vertically-aligned-center is-layout-flow wp-block-column-is-layout-flow\" style=\"flex-basis:100%\">\n<iframe loading=\"lazy\" src=\"https:\/\/www.google.com\/maps\/embed?pb=!1m76!1m12!1m3!1d1211549.363033522!2d5.973146949514897!3d45.179722426460565!2m3!1f0!2f0!3f0!3m2!1i1024!2i768!4f13.1!4m61!3e2!4m5!1s0x478e9dd7e9b803cf%3A0xf49b3551d4201795!2sSaint-Gingolph%2C%20Suisse!3m2!1d46.390823999999995!2d6.804826599999999!4m5!1s0x478ea67fb0da6dfd%3A0x2b6aba2c36f958a1!2sRefuge%20de%20Ch%C3%A9sery%20-%20Lac%20Vert%2C%20Val-d'Illiez%2C%20Suisse!3m2!1d46.196534!2d6.812912!4m5!1s0x478ea8b00a871b51%3A0xcb35a5ca0a942e0b!2sCol%20de%20Cou%2C%20Samo%C3%ABns!3m2!1d46.1502!2d6.79282!4m5!1s0x47895206a5aac83d%3A0x1a904355940831b!2sLe%20Br%C3%A9vent%2C%20Chamonix-Mont-Blanc!3m2!1d45.933853899999995!2d6.8375189999999995!4m5!1s0x4789a7ef83253131%3A0xf96f84c00b7cde34!2sBonneval-sur-Arc!3m2!1d45.371598999999996!2d7.046231!4m5!1s0x4789e46803744111%3A0x40819a5fd97a9a0!2zQnJpYW7Dp29u!3m2!1d44.899415999999995!2d6.643179!4m5!1s0x12ccca54bac8888d%3A0x53793bb71b195250!2sCh%C3%A2teau%20Queyras%2C%20Ch%C3%A2teau-Ville-Vieille!3m2!1d44.756909!2d6.791471!4m5!1s0x12ccf122d65ecec1%3A0x42f08d27c5d22caf!2sSaint-Dalmas-le-Selvage!3m2!1d44.284231!2d6.865921999999999!4m5!1s0x12cd95657667a665%3A0x7f3e4a25f2447dbe!2sSospel!3m2!1d43.87793!2d7.449154!4m5!1s0x12cdebbec4ca024f%3A0x40819a5fd979ac0!2sMenton!3m2!1d43.774481!2d7.49754!5e0!3m2!1sfr!2sfr!4v1594761901159!5m2!1sfr!2sfr\" style=\"border:0;\" allowfullscreen=\"\" aria-hidden=\"false\" tabindex=\"0\" width=\"600\" height=\"450\" frameborder=\"0\"><\/iframe>\n<\/div>\n<\/div>\n\n\n\n<p class=\"has-normal-font-size\">Je vais donc partir <strong>le samedi 18 juillet 2020<\/strong> de Saint-Gingolph, et si tout se passe bien, je devrais atteindre Menton aux alentours du 15 ao\u00fbt. Cependant, de nombreux obstacles pourront \u00eatre rencontr\u00e9s sur le trajet afin de m&#8217;emp\u00eacher d&rsquo;arriver <s>vivant<\/s> au bout de ce p\u00e9riple, notamment :<\/p>\n\n\n\n<p class=\"has-normal-font-size\">&#8211; La fatigue<br>&#8211; Le froid<br>&#8211; Le manque de l\u00e9gumes<br>&#8211; Les orages<br>&#8211; Les loups<br>&#8211; Le Covid-19<br>&#8211; La chaleur<br>&#8211; Une overdose de semoule froide<br>&#8211; Mes genoux en plastique<\/p>\n\n\n\n<figure class=\"wp-block-image size-large\"><img loading=\"lazy\" decoding=\"async\" width=\"1024\" height=\"643\" src=\"https:\/\/ngerard.fr\/blog\/wp-content\/uploads\/2020\/07\/IMG_20190716_080246-1024x643.jpg\" alt=\"\" class=\"wp-image-46\" srcset=\"https:\/\/ngerard.fr\/blog\/wp-content\/uploads\/2020\/07\/IMG_20190716_080246-1024x643.jpg 1024w, https:\/\/ngerard.fr\/blog\/wp-content\/uploads\/2020\/07\/IMG_20190716_080246-300x188.jpg 300w, https:\/\/ngerard.fr\/blog\/wp-content\/uploads\/2020\/07\/IMG_20190716_080246-768x482.jpg 768w, https:\/\/ngerard.fr\/blog\/wp-content\/uploads\/2020\/07\/IMG_20190716_080246-1536x965.jpg 1536w, https:\/\/ngerard.fr\/blog\/wp-content\/uploads\/2020\/07\/IMG_20190716_080246-2048x1286.jpg 2048w\" sizes=\"auto, (max-width: 1024px) 100vw, 1024px\" \/><figcaption>Le saviez-vous ? Parfois l&rsquo;\u00e9t\u00e9 en montagne \u00e0 2500m d&rsquo;altitude il g\u00e8le. J&rsquo;ai eu le bonheur de le d\u00e9couvrir en juillet 2019 dans les Pyr\u00e9n\u00e9es.<\/figcaption><\/figure>\n\n\n\n<p>Pour ce voyage, je serai en semi-autonomie, accompagn\u00e9 de mon fid\u00e8le <a rel=\"noreferrer noopener\" href=\"https:\/\/fr.wikipedia.org\/wiki\/Tarp\" target=\"_blank\">tarp<\/a> que vous pouvez voir sur la photo ci-dessus, et d&rsquo;environ 2 \u00e0 3 jours de nourriture dans mon sac \u00e0 dos.<br>Ce dernier arrivera \u00e0 un poids final de 11 \u00e0 12kg maximum, en incluant 3kg de nourriture et 1.5kg d&rsquo;eau.<\/p>\n\n\n\n<p>Ce blog a pour objectif de vous permettre de consulter mon \u00e9tat d&rsquo;avancement, mon r\u00e9gime alimentaire et mes divers campements.<\/p>\n\n\n\n<p>Il sera mis \u00e0 jour en fonction de la couverture r\u00e9seau, de l&rsquo;\u00e9tat de ma batterie et de ma motivation, merci donc de ne pas vous inqui\u00e9ter en cas d&rsquo;absence de nouvelles pendant plusieurs jours, cela ne signifie pas qu&rsquo;un ours m&rsquo;a d\u00e9vor\u00e9. <br>Il n y a d&rsquo;ailleurs <em>a priori <\/em>pas d&rsquo;ours de ce c\u00f4t\u00e9 des Alpes.<\/p>\n\n\n\n<p>Peut-\u00eatre \u00e9galement n&rsquo;y aura t-il que 2 articles, si ce voyage s&rsquo;arr\u00eate au bout de 2 jours&#8230; \ud83e\udd7a<\/p>\n\n\n\n<p>Sur ce, \u00e0 bient\u00f4t !<\/p>\n\n\n\n<p><span style=\"text-decoration: underline;\">PS<\/span> : Il ne faut pas perdre les bonnes habitudes, si jamais vous souhaitez recevoir une carte postale des Alpes, n&rsquo;h\u00e9sitez pas \u00e0 me demander \ud83d\ude09<\/p>\n\n\n\n<figure class=\"wp-block-image size-large\"><img loading=\"lazy\" decoding=\"async\" width=\"1024\" height=\"768\" src=\"https:\/\/ngerard.fr\/blog\/wp-content\/uploads\/2020\/07\/IMG_20190721_204234-1024x768.jpg\" alt=\"\" class=\"wp-image-56\" srcset=\"https:\/\/ngerard.fr\/blog\/wp-content\/uploads\/2020\/07\/IMG_20190721_204234-1024x768.jpg 1024w, https:\/\/ngerard.fr\/blog\/wp-content\/uploads\/2020\/07\/IMG_20190721_204234-300x225.jpg 300w, https:\/\/ngerard.fr\/blog\/wp-content\/uploads\/2020\/07\/IMG_20190721_204234-768x576.jpg 768w, https:\/\/ngerard.fr\/blog\/wp-content\/uploads\/2020\/07\/IMG_20190721_204234-1536x1152.jpg 1536w, https:\/\/ngerard.fr\/blog\/wp-content\/uploads\/2020\/07\/IMG_20190721_204234-2048x1536.jpg 2048w\" sizes=\"auto, (max-width: 1024px) 100vw, 1024px\" \/><figcaption>Un bivouac fort sympathique au dessus du Ib\u00f3n de Eriste, en Espagne, juillet 2019.<\/figcaption><\/figure>\n\n\n\n<p><a href=\"https:\/\/ngerard.fr\/blog\/2020\/07\/20\/jour-1-thonon-les-bains-saint-gingolph-chalets-de-chevenne\/\"><strong>Jour 1 : Thonon les Bains \u2013 Saint Gingolph \u2013 Chalets de Chevenne<\/strong><\/a><\/p>\n","protected":false},"excerpt":{"rendered":"<p>Parait-il que je vais me lancer cet \u00e9t\u00e9 dans la Travers\u00e9e des Alpes, en empruntant les sentiers de randonn\u00e9e GR5 et GR52.<\/p>\n","protected":false},"author":1,"featured_media":0,"comment_status":"open","ping_status":"open","sticky":false,"template":"","format":"standard","meta":{"jetpack_post_was_ever_published":false,"_jetpack_newsletter_access":"","_jetpack_dont_email_post_to_subs":false,"_jetpack_newsletter_tier_id":0,"_jetpack_memberships_contains_paywalled_content":false,"_jetpack_memberships_contains_paid_content":false,"footnotes":"","jetpack_publicize_message":"","jetpack_publicize_feature_enabled":true,"jetpack_social_post_already_shared":true,"jetpack_social_options":{"image_generator_settings":{"template":"highway","default_image_id":0,"font":"","enabled":false},"version":2}},"categories":[4],"tags":[6,7,8],"class_list":["post-45","post","type-post","status-publish","format-standard","hentry","category-grande-traversee-des-alpes","tag-alpes","tag-gta","tag-gta2020","entry"],"jetpack_publicize_connections":[],"jetpack_featured_media_url":"","jetpack_sharing_enabled":true,"jetpack_likes_enabled":false,"_links":{"self":[{"href":"https:\/\/ngerard.fr\/blog\/wp-json\/wp\/v2\/posts\/45","targetHints":{"allow":["GET"]}}],"collection":[{"href":"https:\/\/ngerard.fr\/blog\/wp-json\/wp\/v2\/posts"}],"about":[{"href":"https:\/\/ngerard.fr\/blog\/wp-json\/wp\/v2\/types\/post"}],"author":[{"embeddable":true,"href":"https:\/\/ngerard.fr\/blog\/wp-json\/wp\/v2\/users\/1"}],"replies":[{"embeddable":true,"href":"https:\/\/ngerard.fr\/blog\/wp-json\/wp\/v2\/comments?post=45"}],"version-history":[{"count":19,"href":"https:\/\/ngerard.fr\/blog\/wp-json\/wp\/v2\/posts\/45\/revisions"}],"predecessor-version":[{"id":622,"href":"https:\/\/ngerard.fr\/blog\/wp-json\/wp\/v2\/posts\/45\/revisions\/622"}],"wp:attachment":[{"href":"https:\/\/ngerard.fr\/blog\/wp-json\/wp\/v2\/media?parent=45"}],"wp:term":[{"taxonomy":"category","embeddable":true,"href":"https:\/\/ngerard.fr\/blog\/wp-json\/wp\/v2\/categories?post=45"},{"taxonomy":"post_tag","embeddable":true,"href":"https:\/\/ngerard.fr\/blog\/wp-json\/wp\/v2\/tags?post=45"}],"curies":[{"name":"wp","href":"https:\/\/api.w.org\/{rel}","templated":true}]}}