{"id":731,"date":"2021-08-03T21:35:43","date_gmt":"2021-08-03T19:35:43","guid":{"rendered":"https:\/\/ngerard.fr\/blog\/2021\/08\/03\/hrp2021-jour-2-chemin-de-zorribenta-bidarray\/"},"modified":"2021-08-07T12:43:32","modified_gmt":"2021-08-07T10:43:32","slug":"hrp2021-jour-2-chemin-de-zorribenta-bidarray","status":"publish","type":"post","link":"https:\/\/ngerard.fr\/blog\/2021\/08\/03\/hrp2021-jour-2-chemin-de-zorribenta-bidarray\/","title":{"rendered":"[HRP2021] Jour 2 : Chemin de Zorribenta &#8211; Bidarray"},"content":{"rendered":"\n<p>Date : lundi 2 ao\u00fbt<\/p>\n\n\n\n<p>Je me r\u00e9veille doucement au son des marcheurs sur le gravier \u00e0 quelques m\u00e8tres de moi. Je remballe les affaires tremp\u00e9es par la ros\u00e9e et me met en chemin, sous un soleil bien agr\u00e9able.<br \/>Le chemin suit ensuite une rivi\u00e8re, dans les bois.<\/p>\n\n\n\n<figure class=\"wp-block-image size-large\"><img loading=\"lazy\" decoding=\"async\" width=\"1024\" height=\"768\" src=\"https:\/\/ngerard.fr\/blog\/wp-content\/uploads\/2021\/08\/PXL_20210802_094153866.MP_-1024x768.jpg\" alt=\"\" class=\"wp-image-728\" srcset=\"https:\/\/ngerard.fr\/blog\/wp-content\/uploads\/2021\/08\/PXL_20210802_094153866.MP_-1024x768.jpg 1024w, https:\/\/ngerard.fr\/blog\/wp-content\/uploads\/2021\/08\/PXL_20210802_094153866.MP_-300x225.jpg 300w, https:\/\/ngerard.fr\/blog\/wp-content\/uploads\/2021\/08\/PXL_20210802_094153866.MP_-768x576.jpg 768w, https:\/\/ngerard.fr\/blog\/wp-content\/uploads\/2021\/08\/PXL_20210802_094153866.MP_-1536x1152.jpg 1536w, https:\/\/ngerard.fr\/blog\/wp-content\/uploads\/2021\/08\/PXL_20210802_094153866.MP_-2048x1536.jpg 2048w, https:\/\/ngerard.fr\/blog\/wp-content\/uploads\/2021\/08\/PXL_20210802_094153866.MP_-1568x1176.jpg 1568w\" sizes=\"auto, (max-width: 1024px) 100vw, 1024px\" \/><\/figure>\n\n\n\n<!--more-->\n\n\n\n<p>J&rsquo;arrive \u00e0 10h30 pour la pause caf\u00e9 \u00e0 Ainhoa chez \u00ab\u00a0L&rsquo;air du pays\u00a0\u00bb.<br \/>Malheureusement pas de croissant ni de \u00ab\u00a0chocolatine\u00a0\u00bb, ils ont \u00e9t\u00e9 d\u00e9valis\u00e9s par un groupe de cyclistes espagnols. Je tente donc le g\u00e2teau Basque, ce qui s&rsquo;av\u00e8re \u00eatre un tr\u00e8s bon choix.<\/p>\n\n\n\n<figure class=\"wp-block-image size-large\"><img loading=\"lazy\" decoding=\"async\" width=\"768\" height=\"1024\" src=\"https:\/\/ngerard.fr\/blog\/wp-content\/uploads\/2021\/08\/pxl_20210802_0828189595135179050059275043-768x1024.jpg\" alt=\"\" class=\"wp-image-726\" srcset=\"https:\/\/ngerard.fr\/blog\/wp-content\/uploads\/2021\/08\/pxl_20210802_0828189595135179050059275043-768x1024.jpg 768w, https:\/\/ngerard.fr\/blog\/wp-content\/uploads\/2021\/08\/pxl_20210802_0828189595135179050059275043-225x300.jpg 225w, https:\/\/ngerard.fr\/blog\/wp-content\/uploads\/2021\/08\/pxl_20210802_0828189595135179050059275043-1152x1536.jpg 1152w, https:\/\/ngerard.fr\/blog\/wp-content\/uploads\/2021\/08\/pxl_20210802_0828189595135179050059275043-1536x2048.jpg 1536w, https:\/\/ngerard.fr\/blog\/wp-content\/uploads\/2021\/08\/pxl_20210802_0828189595135179050059275043-1568x2091.jpg 1568w, https:\/\/ngerard.fr\/blog\/wp-content\/uploads\/2021\/08\/pxl_20210802_0828189595135179050059275043-scaled.jpg 1920w\" sizes=\"auto, (max-width: 768px) 100vw, 768px\" \/><\/figure>\n\n\n\n<p>En repartant d&rsquo;Ainhoa, je tombe sur deux personnes qui me demandent si je fais le GR10, et qui cherchent en fait le bon sens pour repartir (ils ont dormi \u00e0 Ainhoa et ont un peu oubli\u00e9 \u00e0 quoi ressemblait leur point d&rsquo;arriv\u00e9e la veille)<\/p>\n\n\n\n<p>Comme nous allons dans le m\u00eame sens, nous discutons en marchant jusqu&rsquo;au calvaire de Arantzako Kapera. On fait une petite pause \u00e0 cet endroit, et comme j&rsquo;imagine qu&rsquo;il s&rsquo;agit d&rsquo;un couple, je me dis que je vais les laisser tranquille et je leur souhaite bonne continuation, puis reprends mon chemin.<\/p>\n\n\n\n<figure class=\"wp-block-image size-large\"><img loading=\"lazy\" decoding=\"async\" width=\"1024\" height=\"768\" src=\"https:\/\/ngerard.fr\/blog\/wp-content\/uploads\/2021\/08\/PXL_20210802_100139118.MP_-1024x768.jpg\" alt=\"\" class=\"wp-image-724\" srcset=\"https:\/\/ngerard.fr\/blog\/wp-content\/uploads\/2021\/08\/PXL_20210802_100139118.MP_-1024x768.jpg 1024w, https:\/\/ngerard.fr\/blog\/wp-content\/uploads\/2021\/08\/PXL_20210802_100139118.MP_-300x225.jpg 300w, https:\/\/ngerard.fr\/blog\/wp-content\/uploads\/2021\/08\/PXL_20210802_100139118.MP_-768x576.jpg 768w, https:\/\/ngerard.fr\/blog\/wp-content\/uploads\/2021\/08\/PXL_20210802_100139118.MP_-1536x1152.jpg 1536w, https:\/\/ngerard.fr\/blog\/wp-content\/uploads\/2021\/08\/PXL_20210802_100139118.MP_-2048x1536.jpg 2048w, https:\/\/ngerard.fr\/blog\/wp-content\/uploads\/2021\/08\/PXL_20210802_100139118.MP_-1568x1176.jpg 1568w\" sizes=\"auto, (max-width: 1024px) 100vw, 1024px\" \/><\/figure>\n\n\n\n<p>Peu avant 14h, je fais une pause au Zuharretako Lepoa (Lepoa = col en Basque), pour manger mon repas de midi. Le \u00ab\u00a0couple\u00a0\u00bb arrive \u00e0 ce moment l\u00e0 et me rejoint pour manger \u00e9galement.<\/p>\n\n\n\n<p>Nadia et Stan ne sont en fait pas ensemble, et se connaissent depuis tr\u00e8s peu de temps, puisqu&rsquo;ils se sont rencontr\u00e9s uniquement pour faire une partie de GR10.<\/p>\n\n\n\n<p>Nous finissons donc la journ\u00e9e ensemble, et apr\u00e8s le Col De Mehatse, nous prenons un petit chemin pour descendre \u00e0 flanc de montagne, tr\u00e8s joli.<\/p>\n\n\n\n<figure class=\"wp-block-image size-large\"><img loading=\"lazy\" decoding=\"async\" width=\"1024\" height=\"768\" src=\"https:\/\/ngerard.fr\/blog\/wp-content\/uploads\/2021\/08\/PXL_20210802_151808685.MP_-1024x768.jpg\" alt=\"\" class=\"wp-image-729\" srcset=\"https:\/\/ngerard.fr\/blog\/wp-content\/uploads\/2021\/08\/PXL_20210802_151808685.MP_-1024x768.jpg 1024w, https:\/\/ngerard.fr\/blog\/wp-content\/uploads\/2021\/08\/PXL_20210802_151808685.MP_-300x225.jpg 300w, https:\/\/ngerard.fr\/blog\/wp-content\/uploads\/2021\/08\/PXL_20210802_151808685.MP_-768x576.jpg 768w, https:\/\/ngerard.fr\/blog\/wp-content\/uploads\/2021\/08\/PXL_20210802_151808685.MP_-1536x1152.jpg 1536w, https:\/\/ngerard.fr\/blog\/wp-content\/uploads\/2021\/08\/PXL_20210802_151808685.MP_-2048x1536.jpg 2048w, https:\/\/ngerard.fr\/blog\/wp-content\/uploads\/2021\/08\/PXL_20210802_151808685.MP_-1568x1176.jpg 1568w\" sizes=\"auto, (max-width: 1024px) 100vw, 1024px\" \/><\/figure>\n\n\n\n<p>Arriv\u00e9s en bas, nous atteignons une piste, puis Stan, voyant un panneau \u00ab\u00a0sentier p\u00e9destre\u00a0\u00bb pense qu&rsquo;il s&rsquo;agit du GR10, et nous le suivons (en toute confiance). Nous remarquons peu de temps apr\u00e8s que nous sommes dans la direction inverse, et faisons donc demi-tour. Cela ne nous aura rallong\u00e9 que de 10 minutes, et aura eu le m\u00e9rite pour Nadia et moi de nous apporter quelques m\u00fbres (d\u00e9licieuses), \u00e0 l&rsquo;aller comme au retour.<\/p>\n\n\n\n<p>Nous suivons ensuite une rivi\u00e8re, le Bastan, en marchant sur la route, jusqu&rsquo;\u00e0 Bidarray, que nous atteignons \u00e0 20h : la montre indique 26.5km.<\/p>\n\n\n\n<p>Nadia et Stan ne dorment pour l&rsquo;instant que dans des g\u00eetes. Celui de ce soir fait restaurant, je d\u00e9cide donc de m&rsquo;arr\u00eater pour boire&#8230; Puis finalement pour manger \u00e9galement. Au final, la soir\u00e9e passant, nous demandons s&rsquo;ils leur reste des chambres, mais ils sont complets. Je n&rsquo;avais pas trop la motivation pour planter le tarp, en voyant l&rsquo;heure avancer.<\/p>\n\n\n\n<p>En attendant, je d\u00e9guste donc une bi\u00e8re Basque, la Eguzki (tr\u00e8s sympa), puis un burger-frites-salade-ratatouille. Nous partageons ensuite des profiteroles et de la glace au lait de brebis.<\/p>\n\n\n\n<figure class=\"wp-block-image size-large\"><img loading=\"lazy\" decoding=\"async\" width=\"1024\" height=\"768\" src=\"https:\/\/ngerard.fr\/blog\/wp-content\/uploads\/2021\/08\/PXL_20210802_190630746.MP_-1024x768.jpg\" alt=\"\" class=\"wp-image-727\" srcset=\"https:\/\/ngerard.fr\/blog\/wp-content\/uploads\/2021\/08\/PXL_20210802_190630746.MP_-1024x768.jpg 1024w, https:\/\/ngerard.fr\/blog\/wp-content\/uploads\/2021\/08\/PXL_20210802_190630746.MP_-300x225.jpg 300w, https:\/\/ngerard.fr\/blog\/wp-content\/uploads\/2021\/08\/PXL_20210802_190630746.MP_-768x576.jpg 768w, https:\/\/ngerard.fr\/blog\/wp-content\/uploads\/2021\/08\/PXL_20210802_190630746.MP_-1536x1152.jpg 1536w, https:\/\/ngerard.fr\/blog\/wp-content\/uploads\/2021\/08\/PXL_20210802_190630746.MP_-2048x1536.jpg 2048w, https:\/\/ngerard.fr\/blog\/wp-content\/uploads\/2021\/08\/PXL_20210802_190630746.MP_-1568x1176.jpg 1568w\" sizes=\"auto, (max-width: 1024px) 100vw, 1024px\" \/><\/figure>\n\n\n\n<p>Apr\u00e8s avoir bien mang\u00e9 et beaucoup rigol\u00e9, nous partons nous coucher, je retourne donc dans Bidarray pour essayer de trouver un coin correct o\u00f9 dormir.<\/p>\n\n\n\n<p>Finalement, je me d\u00e9cide pour le terrain de pelote Basque, pour une nouvelle nuit en cowboy camping.<\/p>\n\n\n\n<p>Pendant le repas, Stan nous avait demand\u00e9 quel \u00e9tait l&rsquo;endroit le plus insolite o\u00f9 l&rsquo;on avait dormi. J&rsquo;avais r\u00e9pondu sur le Mont Thabor, \u00e0 3000m dans une chapelle, l&rsquo;\u00e9t\u00e9 dernier (et en deuxi\u00e8me choix, la moquette sous mon bureau au boulot \ud83d\ude42) : je peux donc ajouter le terrain de pelote Basque \u00e0 la liste.<\/p>\n\n\n\n<figure class=\"wp-block-image size-large\"><img loading=\"lazy\" decoding=\"async\" width=\"1024\" height=\"768\" src=\"https:\/\/ngerard.fr\/blog\/wp-content\/uploads\/2021\/08\/IMG_20210802_225811-1024x768.jpg\" alt=\"\" class=\"wp-image-725\" srcset=\"https:\/\/ngerard.fr\/blog\/wp-content\/uploads\/2021\/08\/IMG_20210802_225811-1024x768.jpg 1024w, https:\/\/ngerard.fr\/blog\/wp-content\/uploads\/2021\/08\/IMG_20210802_225811-300x225.jpg 300w, https:\/\/ngerard.fr\/blog\/wp-content\/uploads\/2021\/08\/IMG_20210802_225811-768x576.jpg 768w, https:\/\/ngerard.fr\/blog\/wp-content\/uploads\/2021\/08\/IMG_20210802_225811-1536x1152.jpg 1536w, https:\/\/ngerard.fr\/blog\/wp-content\/uploads\/2021\/08\/IMG_20210802_225811-2048x1536.jpg 2048w, https:\/\/ngerard.fr\/blog\/wp-content\/uploads\/2021\/08\/IMG_20210802_225811-1568x1176.jpg 1568w\" sizes=\"auto, (max-width: 1024px) 100vw, 1024px\" \/><figcaption>Un grand espace pour dormir<\/figcaption><\/figure>\n\n\n\n<figure class=\"wp-block-image size-large\"><img loading=\"lazy\" decoding=\"async\" width=\"1024\" height=\"768\" src=\"https:\/\/ngerard.fr\/blog\/wp-content\/uploads\/2021\/08\/IMG_20210802_225719-1024x768.jpg\" alt=\"\" class=\"wp-image-730\" srcset=\"https:\/\/ngerard.fr\/blog\/wp-content\/uploads\/2021\/08\/IMG_20210802_225719-1024x768.jpg 1024w, https:\/\/ngerard.fr\/blog\/wp-content\/uploads\/2021\/08\/IMG_20210802_225719-300x225.jpg 300w, https:\/\/ngerard.fr\/blog\/wp-content\/uploads\/2021\/08\/IMG_20210802_225719-768x576.jpg 768w, https:\/\/ngerard.fr\/blog\/wp-content\/uploads\/2021\/08\/IMG_20210802_225719-1536x1152.jpg 1536w, https:\/\/ngerard.fr\/blog\/wp-content\/uploads\/2021\/08\/IMG_20210802_225719-2048x1536.jpg 2048w, https:\/\/ngerard.fr\/blog\/wp-content\/uploads\/2021\/08\/IMG_20210802_225719-1568x1176.jpg 1568w\" sizes=\"auto, (max-width: 1024px) 100vw, 1024px\" \/><figcaption>L&rsquo;autre c\u00f4t\u00e9 du terrain, le fronton<\/figcaption><\/figure>\n\n\n\n<p>La ville est silencieuse, et malgr\u00e9 les lampadaires allum\u00e9s, il y a des milliards d&rsquo;\u00e9toiles dans le ciel (j&rsquo;ai compt\u00e9) : c&rsquo;est dans ce type de moment que je me dis que m\u00eame si je ne peux pas aller jusqu&rsquo;au bout de la travers\u00e9e, cela aura clairement valu le coup, rien que pour cette journ\u00e9e. <\/p>\n","protected":false},"excerpt":{"rendered":"<p>Date : lundi 2 ao\u00fbt Je me r\u00e9veille doucement au son des marcheurs sur le gravier \u00e0 quelques m\u00e8tres de moi. Je remballe les affaires tremp\u00e9es par la ros\u00e9e et me met en chemin, sous un soleil bien agr\u00e9able.Le chemin suit ensuite une rivi\u00e8re, dans les bois.<\/p>\n","protected":false},"author":1,"featured_media":0,"comment_status":"open","ping_status":"open","sticky":false,"template":"","format":"standard","meta":{"jetpack_post_was_ever_published":false,"_jetpack_newsletter_access":"","_jetpack_dont_email_post_to_subs":false,"_jetpack_newsletter_tier_id":0,"_jetpack_memberships_contains_paywalled_content":false,"_jetpack_memberships_contains_paid_content":false,"footnotes":"","jetpack_publicize_message":"","jetpack_publicize_feature_enabled":true,"jetpack_social_post_already_shared":true,"jetpack_social_options":{"image_generator_settings":{"template":"highway","default_image_id":0,"font":"","enabled":false},"version":2}},"categories":[12],"tags":[15,14,13],"class_list":["post-731","post","type-post","status-publish","format-standard","hentry","category-haute-route-pyreneenne","tag-hrp","tag-hrp2021","tag-pyrenees","entry"],"jetpack_publicize_connections":[],"jetpack_featured_media_url":"","jetpack_sharing_enabled":true,"jetpack_likes_enabled":false,"_links":{"self":[{"href":"https:\/\/ngerard.fr\/blog\/wp-json\/wp\/v2\/posts\/731","targetHints":{"allow":["GET"]}}],"collection":[{"href":"https:\/\/ngerard.fr\/blog\/wp-json\/wp\/v2\/posts"}],"about":[{"href":"https:\/\/ngerard.fr\/blog\/wp-json\/wp\/v2\/types\/post"}],"author":[{"embeddable":true,"href":"https:\/\/ngerard.fr\/blog\/wp-json\/wp\/v2\/users\/1"}],"replies":[{"embeddable":true,"href":"https:\/\/ngerard.fr\/blog\/wp-json\/wp\/v2\/comments?post=731"}],"version-history":[{"count":2,"href":"https:\/\/ngerard.fr\/blog\/wp-json\/wp\/v2\/posts\/731\/revisions"}],"predecessor-version":[{"id":771,"href":"https:\/\/ngerard.fr\/blog\/wp-json\/wp\/v2\/posts\/731\/revisions\/771"}],"wp:attachment":[{"href":"https:\/\/ngerard.fr\/blog\/wp-json\/wp\/v2\/media?parent=731"}],"wp:term":[{"taxonomy":"category","embeddable":true,"href":"https:\/\/ngerard.fr\/blog\/wp-json\/wp\/v2\/categories?post=731"},{"taxonomy":"post_tag","embeddable":true,"href":"https:\/\/ngerard.fr\/blog\/wp-json\/wp\/v2\/tags?post=731"}],"curies":[{"name":"wp","href":"https:\/\/api.w.org\/{rel}","templated":true}]}}