{"id":86,"date":"2020-07-20T15:01:34","date_gmt":"2020-07-20T13:01:34","guid":{"rendered":"https:\/\/ngerard.fr\/blog\/2020\/07\/20\/jour-1-thonon-les-bains-saint-gingolph-chalets-de-chevenne\/"},"modified":"2021-06-07T23:25:18","modified_gmt":"2021-06-07T21:25:18","slug":"jour-1-thonon-les-bains-saint-gingolph-chalets-de-chevenne","status":"publish","type":"post","link":"https:\/\/ngerard.fr\/blog\/2020\/07\/20\/jour-1-thonon-les-bains-saint-gingolph-chalets-de-chevenne\/","title":{"rendered":"[GTA2020] Jour 1 : Thonon les Bains &#8211; Saint Gingolph &#8211; Chalets de Chevenne"},"content":{"rendered":"\n<figure class=\"wp-block-image size-large\"><img loading=\"lazy\" decoding=\"async\" width=\"1024\" height=\"768\" src=\"https:\/\/ngerard.fr\/blog\/wp-content\/uploads\/2020\/07\/IMG_20200718_122050-1024x768.jpg\" alt=\"\" class=\"wp-image-83\" srcset=\"https:\/\/ngerard.fr\/blog\/wp-content\/uploads\/2020\/07\/IMG_20200718_122050-1024x768.jpg 1024w, https:\/\/ngerard.fr\/blog\/wp-content\/uploads\/2020\/07\/IMG_20200718_122050-300x225.jpg 300w, https:\/\/ngerard.fr\/blog\/wp-content\/uploads\/2020\/07\/IMG_20200718_122050-768x576.jpg 768w, https:\/\/ngerard.fr\/blog\/wp-content\/uploads\/2020\/07\/IMG_20200718_122050-1536x1152.jpg 1536w, https:\/\/ngerard.fr\/blog\/wp-content\/uploads\/2020\/07\/IMG_20200718_122050-2048x1536.jpg 2048w\" sizes=\"auto, (max-width: 1024px) 100vw, 1024px\" \/><figcaption>Lac L\u00e9man<\/figcaption><\/figure>\n\n\n\n<p>Apr\u00e8s \u00eatre arriv\u00e9 en covoiturage \u00e0 10h30 \u00e0 Thonon les Bains, et avoir ensuite march\u00e9 le long de la superbe d\u00e9partementale en direction d&rsquo;Evian les Bains, quelqu&rsquo;un s&rsquo;arr\u00eate enfin pour me prendre en stop.<\/p>\n\n\n\n<!--more-->\n\n\n\n<p>Merci \u00e0 Isma\u00ebl, un gars bien sympa et qui aura m\u00eame fait un d\u00e9tour pour me d\u00e9poser directement \u00e0 Saint-Gingolph, o\u00f9 j&rsquo;arrive \u00e0 12h30.<br>Apr\u00e8s un rapide arr\u00eat au lac L\u00e9man, calme et plat, (contrairement \u00e0 ce qui m&rsquo;attend) je commence la mont\u00e9e vers Novel, puis vers le Col de Bise.<\/p>\n\n\n\n<figure class=\"wp-block-image size-large\"><img loading=\"lazy\" decoding=\"async\" width=\"2560\" height=\"1920\" src=\"https:\/\/ngerard.fr\/blog\/wp-content\/uploads\/2020\/07\/IMG_20200718_151430-scaled.jpg\" alt=\"\" class=\"wp-image-84\" srcset=\"https:\/\/ngerard.fr\/blog\/wp-content\/uploads\/2020\/07\/IMG_20200718_151430-scaled.jpg 2560w, https:\/\/ngerard.fr\/blog\/wp-content\/uploads\/2020\/07\/IMG_20200718_151430-300x225.jpg 300w, https:\/\/ngerard.fr\/blog\/wp-content\/uploads\/2020\/07\/IMG_20200718_151430-1024x768.jpg 1024w, https:\/\/ngerard.fr\/blog\/wp-content\/uploads\/2020\/07\/IMG_20200718_151430-768x576.jpg 768w, https:\/\/ngerard.fr\/blog\/wp-content\/uploads\/2020\/07\/IMG_20200718_151430-1536x1152.jpg 1536w, https:\/\/ngerard.fr\/blog\/wp-content\/uploads\/2020\/07\/IMG_20200718_151430-2048x1536.jpg 2048w\" sizes=\"auto, (max-width: 2560px) 100vw, 2560px\" \/><figcaption>Merci pour la motivation<\/figcaption><\/figure>\n\n\n\n<p>Apr\u00e8s une sieste de 40 minutes sur le trajet, je d\u00e9passe finalement mon objectif pour arriver aux Chalets de Chevenne \u00e0 21h30, o\u00f9 je plante ma tente pour la nuit.<\/p>\n\n\n\n<figure class=\"wp-block-image size-large\"><img loading=\"lazy\" decoding=\"async\" width=\"1024\" height=\"768\" src=\"https:\/\/ngerard.fr\/blog\/wp-content\/uploads\/2020\/07\/IMG_20200718_201536-1024x768.jpg\" alt=\"\" class=\"wp-image-85\" srcset=\"https:\/\/ngerard.fr\/blog\/wp-content\/uploads\/2020\/07\/IMG_20200718_201536-1024x768.jpg 1024w, https:\/\/ngerard.fr\/blog\/wp-content\/uploads\/2020\/07\/IMG_20200718_201536-300x225.jpg 300w, https:\/\/ngerard.fr\/blog\/wp-content\/uploads\/2020\/07\/IMG_20200718_201536-768x576.jpg 768w, https:\/\/ngerard.fr\/blog\/wp-content\/uploads\/2020\/07\/IMG_20200718_201536-1536x1152.jpg 1536w, https:\/\/ngerard.fr\/blog\/wp-content\/uploads\/2020\/07\/IMG_20200718_201536-2048x1536.jpg 2048w\" sizes=\"auto, (max-width: 1024px) 100vw, 1024px\" \/><figcaption>Avant l&rsquo;arriv\u00e9e aux Chalets de Chevenne<\/figcaption><\/figure>\n\n\n\n<p>Bilan de la journ\u00e9e : 25km, environ 1800m de d\u00e9nivel\u00e9 positif si on en croit le topo&#8230;<\/p>\n","protected":false},"excerpt":{"rendered":"<p>Apr\u00e8s \u00eatre arriv\u00e9 en covoiturage \u00e0 10h30 \u00e0 Thonon les Bains, et avoir ensuite march\u00e9 le long de la superbe d\u00e9partementale en direction d&rsquo;Evian les Bains, quelqu&rsquo;un s&rsquo;arr\u00eate enfin pour me prendre en stop.<\/p>\n","protected":false},"author":1,"featured_media":0,"comment_status":"open","ping_status":"open","sticky":false,"template":"","format":"standard","meta":{"jetpack_post_was_ever_published":false,"_jetpack_newsletter_access":"","_jetpack_dont_email_post_to_subs":false,"_jetpack_newsletter_tier_id":0,"_jetpack_memberships_contains_paywalled_content":false,"_jetpack_memberships_contains_paid_content":false,"footnotes":"","jetpack_publicize_message":"","jetpack_publicize_feature_enabled":true,"jetpack_social_post_already_shared":true,"jetpack_social_options":{"image_generator_settings":{"template":"highway","default_image_id":0,"font":"","enabled":false},"version":2}},"categories":[4],"tags":[6,7,8],"class_list":["post-86","post","type-post","status-publish","format-standard","hentry","category-grande-traversee-des-alpes","tag-alpes","tag-gta","tag-gta2020","entry"],"jetpack_publicize_connections":[],"jetpack_featured_media_url":"","jetpack_sharing_enabled":true,"jetpack_likes_enabled":false,"_links":{"self":[{"href":"https:\/\/ngerard.fr\/blog\/wp-json\/wp\/v2\/posts\/86","targetHints":{"allow":["GET"]}}],"collection":[{"href":"https:\/\/ngerard.fr\/blog\/wp-json\/wp\/v2\/posts"}],"about":[{"href":"https:\/\/ngerard.fr\/blog\/wp-json\/wp\/v2\/types\/post"}],"author":[{"embeddable":true,"href":"https:\/\/ngerard.fr\/blog\/wp-json\/wp\/v2\/users\/1"}],"replies":[{"embeddable":true,"href":"https:\/\/ngerard.fr\/blog\/wp-json\/wp\/v2\/comments?post=86"}],"version-history":[{"count":3,"href":"https:\/\/ngerard.fr\/blog\/wp-json\/wp\/v2\/posts\/86\/revisions"}],"predecessor-version":[{"id":594,"href":"https:\/\/ngerard.fr\/blog\/wp-json\/wp\/v2\/posts\/86\/revisions\/594"}],"wp:attachment":[{"href":"https:\/\/ngerard.fr\/blog\/wp-json\/wp\/v2\/media?parent=86"}],"wp:term":[{"taxonomy":"category","embeddable":true,"href":"https:\/\/ngerard.fr\/blog\/wp-json\/wp\/v2\/categories?post=86"},{"taxonomy":"post_tag","embeddable":true,"href":"https:\/\/ngerard.fr\/blog\/wp-json\/wp\/v2\/tags?post=86"}],"curies":[{"name":"wp","href":"https:\/\/api.w.org\/{rel}","templated":true}]}}