{"id":871,"date":"2021-08-20T15:18:02","date_gmt":"2021-08-20T13:18:02","guid":{"rendered":"https:\/\/ngerard.fr\/blog\/?p=871"},"modified":"2021-08-20T15:19:13","modified_gmt":"2021-08-20T13:19:13","slug":"hrp2021-jour-11-majada-de-arrieles-vallee-de-gaube","status":"publish","type":"post","link":"https:\/\/ngerard.fr\/blog\/2021\/08\/20\/hrp2021-jour-11-majada-de-arrieles-vallee-de-gaube\/","title":{"rendered":"[HRP2021] Jour 11 : Majada de Arrieles &#8211; Vall\u00e9e de Gaube"},"content":{"rendered":"\n<p>Date : mercredi 11 ao\u00fbt<\/p>\n\n\n\n<p>La nuit n&rsquo;a pas \u00e9t\u00e9 tr\u00e8s bonne, avec le terrain en pente et bossel\u00e9. Pour compenser, la vue est toujours aussi belle au bord du lac en ce d\u00e9but de matin\u00e9e. Le sac \u00e0 dos est pr\u00eat pour un d\u00e9part vers 8h.<\/p>\n\n\n\n<figure class=\"wp-block-image size-large\"><img loading=\"lazy\" decoding=\"async\" width=\"1024\" height=\"768\" src=\"https:\/\/ngerard.fr\/blog\/wp-content\/uploads\/2021\/08\/PXL_20210811_045920556.MP_-1024x768.jpg\" alt=\"\" class=\"wp-image-872\" srcset=\"https:\/\/ngerard.fr\/blog\/wp-content\/uploads\/2021\/08\/PXL_20210811_045920556.MP_-1024x768.jpg 1024w, https:\/\/ngerard.fr\/blog\/wp-content\/uploads\/2021\/08\/PXL_20210811_045920556.MP_-300x225.jpg 300w, https:\/\/ngerard.fr\/blog\/wp-content\/uploads\/2021\/08\/PXL_20210811_045920556.MP_-768x576.jpg 768w, https:\/\/ngerard.fr\/blog\/wp-content\/uploads\/2021\/08\/PXL_20210811_045920556.MP_-1536x1152.jpg 1536w, https:\/\/ngerard.fr\/blog\/wp-content\/uploads\/2021\/08\/PXL_20210811_045920556.MP_-2048x1536.jpg 2048w, https:\/\/ngerard.fr\/blog\/wp-content\/uploads\/2021\/08\/PXL_20210811_045920556.MP_-1568x1176.jpg 1568w\" sizes=\"auto, (max-width: 1024px) 100vw, 1024px\" \/><\/figure>\n\n\n\n<!--more-->\n\n\n\n<p>Pour d\u00e9buter en douceur, j&#8217;emprunte un chemin relativement plat, qui longe \u00e0 montagne jusqu&rsquo;au Lac de Respomuso. <\/p>\n\n\n\n<figure class=\"wp-block-image size-large\"><img loading=\"lazy\" decoding=\"async\" width=\"768\" height=\"1024\" src=\"https:\/\/ngerard.fr\/blog\/wp-content\/uploads\/2021\/08\/pxl_20210811_0625034435177655375993518657-768x1024.jpg\" alt=\"\" class=\"wp-image-873\" srcset=\"https:\/\/ngerard.fr\/blog\/wp-content\/uploads\/2021\/08\/pxl_20210811_0625034435177655375993518657-768x1024.jpg 768w, https:\/\/ngerard.fr\/blog\/wp-content\/uploads\/2021\/08\/pxl_20210811_0625034435177655375993518657-225x300.jpg 225w, https:\/\/ngerard.fr\/blog\/wp-content\/uploads\/2021\/08\/pxl_20210811_0625034435177655375993518657-1152x1536.jpg 1152w, https:\/\/ngerard.fr\/blog\/wp-content\/uploads\/2021\/08\/pxl_20210811_0625034435177655375993518657-1536x2048.jpg 1536w, https:\/\/ngerard.fr\/blog\/wp-content\/uploads\/2021\/08\/pxl_20210811_0625034435177655375993518657-1568x2091.jpg 1568w, https:\/\/ngerard.fr\/blog\/wp-content\/uploads\/2021\/08\/pxl_20210811_0625034435177655375993518657-scaled.jpg 1920w\" sizes=\"auto, (max-width: 768px) 100vw, 768px\" \/><\/figure>\n\n\n\n<p>J&rsquo;arrive au lac vers 9h, et m&rsquo;approche du refuge. Tristesse, il est ferm\u00e9 de 8h30 \u00e0 11h pour le m\u00e9nage. Adieu chocolat chaud tant esp\u00e9r\u00e9&#8230; <\/p>\n\n\n\n<figure class=\"wp-block-image size-large\"><img loading=\"lazy\" decoding=\"async\" width=\"768\" height=\"1024\" src=\"https:\/\/ngerard.fr\/blog\/wp-content\/uploads\/2021\/08\/pxl_20210811_065249666776010899795755759-768x1024.jpg\" alt=\"\" class=\"wp-image-875\" srcset=\"https:\/\/ngerard.fr\/blog\/wp-content\/uploads\/2021\/08\/pxl_20210811_065249666776010899795755759-768x1024.jpg 768w, https:\/\/ngerard.fr\/blog\/wp-content\/uploads\/2021\/08\/pxl_20210811_065249666776010899795755759-225x300.jpg 225w, https:\/\/ngerard.fr\/blog\/wp-content\/uploads\/2021\/08\/pxl_20210811_065249666776010899795755759-1152x1536.jpg 1152w, https:\/\/ngerard.fr\/blog\/wp-content\/uploads\/2021\/08\/pxl_20210811_065249666776010899795755759-1536x2048.jpg 1536w, https:\/\/ngerard.fr\/blog\/wp-content\/uploads\/2021\/08\/pxl_20210811_065249666776010899795755759-1568x2091.jpg 1568w, https:\/\/ngerard.fr\/blog\/wp-content\/uploads\/2021\/08\/pxl_20210811_065249666776010899795755759-scaled.jpg 1920w\" sizes=\"auto, (max-width: 768px) 100vw, 768px\" \/><\/figure>\n\n\n\n<p>Je continue ma route entre fleurs et quelques animaux, ceux-ci bien moins nombreux que dans les Alpes l&rsquo;\u00e9t\u00e9 dernier. <\/p>\n\n\n\n<figure class=\"wp-block-image size-large\"><img loading=\"lazy\" decoding=\"async\" width=\"768\" height=\"1024\" src=\"https:\/\/ngerard.fr\/blog\/wp-content\/uploads\/2021\/08\/pxl_20210811_0822186531431689324752397030-768x1024.jpg\" alt=\"\" class=\"wp-image-879\" srcset=\"https:\/\/ngerard.fr\/blog\/wp-content\/uploads\/2021\/08\/pxl_20210811_0822186531431689324752397030-768x1024.jpg 768w, https:\/\/ngerard.fr\/blog\/wp-content\/uploads\/2021\/08\/pxl_20210811_0822186531431689324752397030-225x300.jpg 225w, https:\/\/ngerard.fr\/blog\/wp-content\/uploads\/2021\/08\/pxl_20210811_0822186531431689324752397030-1152x1536.jpg 1152w, https:\/\/ngerard.fr\/blog\/wp-content\/uploads\/2021\/08\/pxl_20210811_0822186531431689324752397030-1536x2048.jpg 1536w, https:\/\/ngerard.fr\/blog\/wp-content\/uploads\/2021\/08\/pxl_20210811_0822186531431689324752397030-1568x2091.jpg 1568w, https:\/\/ngerard.fr\/blog\/wp-content\/uploads\/2021\/08\/pxl_20210811_0822186531431689324752397030-scaled.jpg 1920w\" sizes=\"auto, (max-width: 768px) 100vw, 768px\" \/><\/figure>\n\n\n\n<figure class=\"wp-block-image size-large\"><img loading=\"lazy\" decoding=\"async\" width=\"768\" height=\"1024\" src=\"https:\/\/ngerard.fr\/blog\/wp-content\/uploads\/2021\/08\/pxl_20210811_1537190291513045389936723102-768x1024.jpg\" alt=\"\" class=\"wp-image-876\" srcset=\"https:\/\/ngerard.fr\/blog\/wp-content\/uploads\/2021\/08\/pxl_20210811_1537190291513045389936723102-768x1024.jpg 768w, https:\/\/ngerard.fr\/blog\/wp-content\/uploads\/2021\/08\/pxl_20210811_1537190291513045389936723102-225x300.jpg 225w, https:\/\/ngerard.fr\/blog\/wp-content\/uploads\/2021\/08\/pxl_20210811_1537190291513045389936723102-1152x1536.jpg 1152w, https:\/\/ngerard.fr\/blog\/wp-content\/uploads\/2021\/08\/pxl_20210811_1537190291513045389936723102-1536x2048.jpg 1536w, https:\/\/ngerard.fr\/blog\/wp-content\/uploads\/2021\/08\/pxl_20210811_1537190291513045389936723102-1568x2091.jpg 1568w, https:\/\/ngerard.fr\/blog\/wp-content\/uploads\/2021\/08\/pxl_20210811_1537190291513045389936723102-scaled.jpg 1920w\" sizes=\"auto, (max-width: 768px) 100vw, 768px\" \/><\/figure>\n\n\n\n<figure class=\"wp-block-image size-large\"><img loading=\"lazy\" decoding=\"async\" width=\"768\" height=\"1024\" src=\"https:\/\/ngerard.fr\/blog\/wp-content\/uploads\/2021\/08\/pxl_20210811_1542015745364457910043773525-768x1024.jpg\" alt=\"\" class=\"wp-image-874\" srcset=\"https:\/\/ngerard.fr\/blog\/wp-content\/uploads\/2021\/08\/pxl_20210811_1542015745364457910043773525-768x1024.jpg 768w, https:\/\/ngerard.fr\/blog\/wp-content\/uploads\/2021\/08\/pxl_20210811_1542015745364457910043773525-225x300.jpg 225w, https:\/\/ngerard.fr\/blog\/wp-content\/uploads\/2021\/08\/pxl_20210811_1542015745364457910043773525-1152x1536.jpg 1152w, https:\/\/ngerard.fr\/blog\/wp-content\/uploads\/2021\/08\/pxl_20210811_1542015745364457910043773525-1536x2048.jpg 1536w, https:\/\/ngerard.fr\/blog\/wp-content\/uploads\/2021\/08\/pxl_20210811_1542015745364457910043773525-1568x2091.jpg 1568w, https:\/\/ngerard.fr\/blog\/wp-content\/uploads\/2021\/08\/pxl_20210811_1542015745364457910043773525-scaled.jpg 1920w\" sizes=\"auto, (max-width: 768px) 100vw, 768px\" \/><\/figure>\n\n\n\n<p>Vers 12h30, j&rsquo;atteins le Col de la Fache, ensuite c&rsquo;est la descente. Comme souvent, j&rsquo;en profite pour gagner du temps en marchant assez vite, d&rsquo;autant que j&rsquo;ai l&rsquo;espoir d&rsquo;atteindre le Refuge Wallon pour, peut-\u00eatre, manger quelque chose.<\/p>\n\n\n\n<p>Et finalement, nouvelle d\u00e9ception, le refuge Wallon est ferm\u00e9 cette ann\u00e9e pour grands travaux.<\/p>\n\n\n\n<p>Je continue la descente et retrouve la bonne odeur des pins, quoiqu&rsquo;un peu \u00e9touffante lorsqu&rsquo;il fait chaud.<\/p>\n\n\n\n<figure class=\"wp-block-image size-large\"><img loading=\"lazy\" decoding=\"async\" width=\"768\" height=\"1024\" src=\"https:\/\/ngerard.fr\/blog\/wp-content\/uploads\/2021\/08\/pxl_20210811_1629123771187093434323498413-768x1024.jpg\" alt=\"\" class=\"wp-image-883\" srcset=\"https:\/\/ngerard.fr\/blog\/wp-content\/uploads\/2021\/08\/pxl_20210811_1629123771187093434323498413-768x1024.jpg 768w, https:\/\/ngerard.fr\/blog\/wp-content\/uploads\/2021\/08\/pxl_20210811_1629123771187093434323498413-225x300.jpg 225w, https:\/\/ngerard.fr\/blog\/wp-content\/uploads\/2021\/08\/pxl_20210811_1629123771187093434323498413-1152x1536.jpg 1152w, https:\/\/ngerard.fr\/blog\/wp-content\/uploads\/2021\/08\/pxl_20210811_1629123771187093434323498413-1536x2048.jpg 1536w, https:\/\/ngerard.fr\/blog\/wp-content\/uploads\/2021\/08\/pxl_20210811_1629123771187093434323498413-1568x2091.jpg 1568w, https:\/\/ngerard.fr\/blog\/wp-content\/uploads\/2021\/08\/pxl_20210811_1629123771187093434323498413-scaled.jpg 1920w\" sizes=\"auto, (max-width: 768px) 100vw, 768px\" \/><\/figure>\n\n\n\n<p>Je fais ma pause repas vers 14h au bord d&rsquo;un torrent. Au menu : environ 100gr de semoule, du saucisson, du fromage, du pain, du chocolat, une barre c\u00e9r\u00e9ales-abricots, un Snickers.<br>D&rsquo;ailleurs, petite astuce : si vous avez dans votre sac une barre Snickers qui tra\u00eene depuis 10 jours, et qu&rsquo;avec la chaleur elle est plus que molle, vous pouvez la transformer en glace Snickers, en la laissant dans le torrent une petite demie heure. Parfait.<\/p>\n\n\n\n<p>Je repars vers 15h, en pleine chaleur. Je passe le Lac d&rsquo;Aratille vers 16h30, puis le Col des Mulets vers 18h30 : c&rsquo;est la derni\u00e8re descente avant d&rsquo;arriver aux Oulettes de Gaube, o\u00f9 je planterai ma tente face au Vignemale.<\/p>\n\n\n\n<figure class=\"wp-block-image\"><img loading=\"lazy\" decoding=\"async\" width=\"2560\" height=\"1920\" src=\"https:\/\/ngerard.fr\/blog\/wp-content\/uploads\/2021\/08\/PXL_20210811_170039022.MP_-scaled.jpg\" alt=\"\" class=\"wp-image-881\" srcset=\"https:\/\/ngerard.fr\/blog\/wp-content\/uploads\/2021\/08\/PXL_20210811_170039022.MP_-scaled.jpg 2560w, https:\/\/ngerard.fr\/blog\/wp-content\/uploads\/2021\/08\/PXL_20210811_170039022.MP_-300x225.jpg 300w, https:\/\/ngerard.fr\/blog\/wp-content\/uploads\/2021\/08\/PXL_20210811_170039022.MP_-1024x768.jpg 1024w, https:\/\/ngerard.fr\/blog\/wp-content\/uploads\/2021\/08\/PXL_20210811_170039022.MP_-768x576.jpg 768w, https:\/\/ngerard.fr\/blog\/wp-content\/uploads\/2021\/08\/PXL_20210811_170039022.MP_-1536x1152.jpg 1536w, https:\/\/ngerard.fr\/blog\/wp-content\/uploads\/2021\/08\/PXL_20210811_170039022.MP_-2048x1536.jpg 2048w, https:\/\/ngerard.fr\/blog\/wp-content\/uploads\/2021\/08\/PXL_20210811_170039022.MP_-1568x1176.jpg 1568w\" sizes=\"auto, (max-width: 2560px) 100vw, 2560px\" \/><\/figure>\n\n\n\n<p>Ceci est fait vers 19h, apr\u00e8s 27km pour cette journ\u00e9e. Je mets les deux pieds dans l&rsquo;eau du torrent : absolument gel\u00e9. Bon, logique, l&rsquo;eau arrive tout droit des glaciers du Vignemale.<\/p>\n\n\n\n<p>Un peu plus tard dans la soir\u00e9e, j&rsquo;ai la joie de subir les rafales de vent et l&rsquo;orage qui va avec&#8230; <\/p>\n","protected":false},"excerpt":{"rendered":"<p>Date : mercredi 11 ao\u00fbt La nuit n&rsquo;a pas \u00e9t\u00e9 tr\u00e8s bonne, avec le terrain en pente et bossel\u00e9. Pour compenser, la vue est toujours aussi belle au bord du lac en ce d\u00e9but de matin\u00e9e. Le sac \u00e0 dos est pr\u00eat pour un d\u00e9part vers 8h.<\/p>\n","protected":false},"author":1,"featured_media":0,"comment_status":"open","ping_status":"open","sticky":false,"template":"","format":"standard","meta":{"jetpack_post_was_ever_published":false,"_jetpack_newsletter_access":"","_jetpack_dont_email_post_to_subs":false,"_jetpack_newsletter_tier_id":0,"_jetpack_memberships_contains_paywalled_content":false,"_jetpack_memberships_contains_paid_content":false,"footnotes":"","jetpack_publicize_message":"","jetpack_publicize_feature_enabled":true,"jetpack_social_post_already_shared":true,"jetpack_social_options":{"image_generator_settings":{"template":"highway","default_image_id":0,"font":"","enabled":false},"version":2}},"categories":[12],"tags":[15,14,13],"class_list":["post-871","post","type-post","status-publish","format-standard","hentry","category-haute-route-pyreneenne","tag-hrp","tag-hrp2021","tag-pyrenees","entry"],"jetpack_publicize_connections":[],"jetpack_featured_media_url":"","jetpack_sharing_enabled":true,"jetpack_likes_enabled":false,"_links":{"self":[{"href":"https:\/\/ngerard.fr\/blog\/wp-json\/wp\/v2\/posts\/871","targetHints":{"allow":["GET"]}}],"collection":[{"href":"https:\/\/ngerard.fr\/blog\/wp-json\/wp\/v2\/posts"}],"about":[{"href":"https:\/\/ngerard.fr\/blog\/wp-json\/wp\/v2\/types\/post"}],"author":[{"embeddable":true,"href":"https:\/\/ngerard.fr\/blog\/wp-json\/wp\/v2\/users\/1"}],"replies":[{"embeddable":true,"href":"https:\/\/ngerard.fr\/blog\/wp-json\/wp\/v2\/comments?post=871"}],"version-history":[{"count":2,"href":"https:\/\/ngerard.fr\/blog\/wp-json\/wp\/v2\/posts\/871\/revisions"}],"predecessor-version":[{"id":904,"href":"https:\/\/ngerard.fr\/blog\/wp-json\/wp\/v2\/posts\/871\/revisions\/904"}],"wp:attachment":[{"href":"https:\/\/ngerard.fr\/blog\/wp-json\/wp\/v2\/media?parent=871"}],"wp:term":[{"taxonomy":"category","embeddable":true,"href":"https:\/\/ngerard.fr\/blog\/wp-json\/wp\/v2\/categories?post=871"},{"taxonomy":"post_tag","embeddable":true,"href":"https:\/\/ngerard.fr\/blog\/wp-json\/wp\/v2\/tags?post=871"}],"curies":[{"name":"wp","href":"https:\/\/api.w.org\/{rel}","templated":true}]}}